{"id":1314,"date":"2024-09-06T06:03:58","date_gmt":"2024-09-06T04:03:58","guid":{"rendered":"https:\/\/juergenkroder.com\/journalismus\/?p=1314"},"modified":"2024-09-07T08:41:58","modified_gmt":"2024-09-07T06:41:58","slug":"wie-alt-ist-die-digitalisierung","status":"publish","type":"post","link":"https:\/\/juergenkroder.com\/journalismus\/wie-alt-ist-die-digitalisierung\/","title":{"rendered":"Wie alt ist die Digitalisierung? \u00dcber 200 Jahre, kein Scherz!"},"content":{"rendered":"<p><img loading=\"lazy\" decoding=\"async\" class=\"size-full wp-image-1016\" src=\"https:\/\/juergenkroder.com\/journalismus\/wp-content\/uploads\/2020\/07\/digitalisierung-teaser.jpg\" alt=\"\" width=\"900\" height=\"400\" \/><\/p>\n<p><strong>Es wird gerne so getan, als g\u00e4be es die Digitalisierung erst seit ein paar Jahren. Das stimmt nicht! Der Digitale Wandel l\u00e4uft bereits viiiel l\u00e4nger.<\/strong><\/p>\n<p><!--more--><\/p>\n<h2>Wann begann die Digitalisierung?<\/h2>\n<p>Das ist nicht genau zu sagen. Zum einen kommt es darauf an, was man genau unter Digitalisierung versteht. Zum anderen handelt es sich um eine Entwicklung, die mit vielen kleinen Schritten begann.<\/p>\n<p>Ein Schritt war die Erfindung der Lochkarte. Damit wurden analoge Prozesse in Bits (Loch oder kein Loch, 1 oder 0) umgewandelt. Lochkarten kamen bereits Mitte des 18. Jahrhunderts zum Einsatz, um Vorg\u00e4nge zu automatisieren. Daraus resultierten Erfindungen wie Lochkarten-gesteuerte Webst\u00fchle und Drehorgeln.<\/p>\n<p>Ein weiterer Meilenstein war der Z3, der erste funktionsf\u00e4hige Digitalrechner. Ihn baute 1941 der deutsche Ingenieur Konrad Zuse. Ja, wir Deutschen haben die Digitalisierung vorangebracht &#8211; das vergisst man heutzutage gerne.<\/p>\n<p>Eine weitere wichtige Erfindung \u201cmade in Germany\u201d war das MP3-Format, <a href=\"https:\/\/www.spiegel.de\/netzwelt\/web\/mp3-wird-25-eine-mittelfraenkische-innovation-fuer-die-ewigkeit-a-b77f51ad-b01e-4f51-aceb-4130b679e9ee?fbclid=IwAR1PwJLUfGDEBtroqOfVDIvvrdBNZEcUiQ14dKRAhaIHmyYEqULu0zVzhmc\" target=\"_blank\" rel=\"noopener noreferrer\">welches 1982 das Fraunhofer Institut in Erlangen entwickelte<\/a>. Das verhalf zuerst illegalen Portalen wie Napster und sp\u00e4ter legalen Diensten wie iTunes und Musicload (made by Deutsche Telekom) zum Durchbruch.<\/p>\n<h2>Der Digitale Wandel nimmt Fahrt auf<\/h2>\n<p>Machen wir aber noch kurz einen Schritt zur\u00fcck: Weitere wichtige Eckpfeiler der Digitalen Revolution sind die 1960er- und 1970er-Jahre. In dieser Zeit kauften sich die ersten Unternehmen Computer und Gro\u00dfrechner (sogenannte Mainframes), um ihre T\u00e4tigkeiten zu digitalisieren. Sie speicherten ihre Daten unter anderem auf Magnetb\u00e4ndern und handlicheren Disketten ab.<\/p>\n<p>In den 1980ern erfolgte dann die Digitalisierung der Kinderzimmer: Spielkonsolen wie der Atari 2600 und Heimcomputer wie C64, Amiga und Atari ST eroberten die Herzen der Kinder und Jugendlichen. Hach, meine Kindheit!<\/p>\n<p>Parallel dazu wanderten die \u201cseri\u00f6sen\u201d Personal Computer in die B\u00fcros &#8211; und in die Arbeitszimmer der Familienv\u00e4ter, welche sich fortan mit Excel und Leisure Suit Larry besch\u00e4ftigten.<\/p>\n<p>Gegen Ende der 1990er erfolgte der Siegeszug des Internets. Dank AOL, Compuserve und T-Online waren wir alle pl\u00f6tzlich \u201cdrin\u201d.<\/p>\n<div class=\"jetpack-video-wrapper\"><span class=\"embed-youtube\" style=\"text-align:center; display: block;\"><iframe loading=\"lazy\" class=\"youtube-player\" width=\"700\" height=\"394\" src=\"https:\/\/www.youtube.com\/embed\/S7mGbRkUP7Q?version=3&#038;rel=1&#038;showsearch=0&#038;showinfo=1&#038;iv_load_policy=1&#038;fs=1&#038;hl=de-DE&#038;autohide=2&#038;wmode=transparent\" allowfullscreen=\"true\" style=\"border:0;\" sandbox=\"allow-scripts allow-same-origin allow-popups allow-presentation allow-popups-to-escape-sandbox\"><\/iframe><\/span><\/div>\n<h2>Der Phoenix, der aus der Asche stieg<\/h2>\n<p>Tja, dann kam sie: die erste Internet-Bubble. Die gro\u00dfe, v\u00f6llig \u00fcberhitzte Wette auf die Macht des World Wide Webs. Doch die Blase platzte Anfang der 2000er und sorgte f\u00fcr Ern\u00fcchterung.<\/p>\n<p>Nichtsdestotrotz trat die Digitalisierung und damit auch das Internet seinen gro\u00dfen Siegeszug an. Es folgte das, was &#8211; leider &#8211; viele Menschen heute <a href=\"https:\/\/juergenkroder.com\/journalismus\/umparken-im-kopf-neuen-medien\/\" target=\"_blank\" rel=\"noopener noreferrer\">immer noch als \u201cneue Medien\u201d bezeichnen<\/a>.<\/p>\n<p>Google, Facebook, Youtube, Wikipedia und viele andere Dienste, die mittlerweile vollkommen normal sind, entstanden in dieser wilden Zeit des sogenannten Web 2.0.<\/p>\n<p><img loading=\"lazy\" decoding=\"async\" class=\"aligncenter size-full wp-image-1317\" src=\"https:\/\/juergenkroder.com\/journalismus\/wp-content\/uploads\/2020\/07\/entwicklung-des-internets.png\" alt=\"\" width=\"2032\" height=\"1521\" srcset=\"https:\/\/juergenkroder.com\/journalismus\/wp-content\/uploads\/2020\/07\/entwicklung-des-internets.png 2032w, https:\/\/juergenkroder.com\/journalismus\/wp-content\/uploads\/2020\/07\/entwicklung-des-internets-300x225.png 300w, https:\/\/juergenkroder.com\/journalismus\/wp-content\/uploads\/2020\/07\/entwicklung-des-internets-1024x766.png 1024w, https:\/\/juergenkroder.com\/journalismus\/wp-content\/uploads\/2020\/07\/entwicklung-des-internets-768x575.png 768w, https:\/\/juergenkroder.com\/journalismus\/wp-content\/uploads\/2020\/07\/entwicklung-des-internets-1536x1150.png 1536w, https:\/\/juergenkroder.com\/journalismus\/wp-content\/uploads\/2020\/07\/entwicklung-des-internets-900x674.png 900w, https:\/\/juergenkroder.com\/journalismus\/wp-content\/uploads\/2020\/07\/entwicklung-des-internets-1140x853.png 1140w\" sizes=\"auto, (max-width: 2032px) 100vw, 2032px\" \/><\/p>\n<p>2007 folgte ein weiterer Paukenschlag: Apple stellte das iPhone vor. Es wurde zum ersten Smartphone, das den Massenmarkt eroberte. Da fortan jeder das Internet in seiner Hosentasche trug, entstanden exponentiell neue Gesch\u00e4ftsmodelle. Wer kann heute noch ohne Apps leben? Niemand!<\/p>\n<p>Das Paradoxe daran: <a href=\"https:\/\/juergenkroder.com\/journalismus\/paradox-obwohl-wir-schon-digital-leben-kommt-die-digitalisierung-nicht-voran\/\" target=\"_blank\" rel=\"noopener noreferrer\">Obwohl wir bereits digital leben, kommt die Digitalisierung in den K\u00f6pfen nur schleppend voran<\/a>.<\/p>\n<h2>Corona, der Digital-Beschleuniger<\/h2>\n<p>Wenn es um Digitalisierung geht, muss man auch \u00fcber Corona reden. Die Pandemie gab der Menschheit einen ordentlichen D\u00e4mpfer. Und sie hat zahlreiche Unternehmen in die Krise oder in die Pleite getrieben.<\/p>\n<p>Warum? Weil viele die Digitalisierung bislang ignorierten oder ihre Digitale Transformation <a href=\"https:\/\/juergenkroder.com\/journalismus\/digitalisierung-falsche-denkweise\/\" target=\"_blank\" rel=\"noopener noreferrer\">nicht ernsthaft genug vorantrieben<\/a>.<\/p>\n<p>Auch die Gesundheits\u00e4mter st\u00f6hnten, weil sie wie vor 30 Jahren noch mit FAX-Ger\u00e4ten wichtige Meldungen und Gesundheitsdaten erhielten und verschickten.<\/p>\n<p>Doch es war nicht alles schlecht! Es gab einige Profiteure der COVID-Krise. Dazu geh\u00f6rten unter anderem GAFAM (Google, Amazon, Facebook, Apple, Microsoft), Zoom, Paypal, Dropbox, LinkedIn, Tencent, Alibaba und viele weitere US-amerikanische und asiatische Firmen.<\/p>\n<p><img loading=\"lazy\" decoding=\"async\" class=\"aligncenter size-full wp-image-1318\" src=\"https:\/\/juergenkroder.com\/journalismus\/wp-content\/uploads\/2020\/07\/digitale-plattformen-vergleich.jpg\" alt=\"\" width=\"2000\" height=\"1125\" srcset=\"https:\/\/juergenkroder.com\/journalismus\/wp-content\/uploads\/2020\/07\/digitale-plattformen-vergleich.jpg 2000w, https:\/\/juergenkroder.com\/journalismus\/wp-content\/uploads\/2020\/07\/digitale-plattformen-vergleich-300x169.jpg 300w, https:\/\/juergenkroder.com\/journalismus\/wp-content\/uploads\/2020\/07\/digitale-plattformen-vergleich-1024x576.jpg 1024w, https:\/\/juergenkroder.com\/journalismus\/wp-content\/uploads\/2020\/07\/digitale-plattformen-vergleich-768x432.jpg 768w, https:\/\/juergenkroder.com\/journalismus\/wp-content\/uploads\/2020\/07\/digitale-plattformen-vergleich-1536x864.jpg 1536w, https:\/\/juergenkroder.com\/journalismus\/wp-content\/uploads\/2020\/07\/digitale-plattformen-vergleich-900x506.jpg 900w, https:\/\/juergenkroder.com\/journalismus\/wp-content\/uploads\/2020\/07\/digitale-plattformen-vergleich-1140x641.jpg 1140w\" sizes=\"auto, (max-width: 2000px) 100vw, 2000px\" \/><\/p>\n<p>Deutsche oder europ\u00e4ische Unternehmen spielten bei diesem Siegeszug der Digitalisierung eine sehr geringe bis gar keine Rolle.<\/p>\n<p>Besonders in der Corona-Krise r\u00e4chte sich, was \u00fcber viele Jahrzehnte hinweg verschlafen wurde. Der Dornr\u00f6schenschlaf war vorbei. Statt eines Kuss\u2019 gab es einen Schlag in die Weichteile.<\/p>\n<h2>Wo geht die Reise hin?<\/h2>\n<p>Die Digitalisierung ist ja nicht zu Ende. Ganz im Gegenteil: Sie hat nun richtig Fahrt aufgenommen, das Wachstum erfolgt <a href=\"https:\/\/startupwissen.biz\/was-bedeutet-10x-thinking-moonshot-thinking\/\" target=\"_blank\" rel=\"noopener noreferrer\">getreu dem 10X Thinking<\/a> exponentiell! KI, Blockchain, Quantencomputing, Smart Citiys und Self Driving Cars sind heute schon mehr Science als Fiction. Sie werden sich viel schneller durchsetzen, als wir denken.<\/p>\n<p>Ich freu mich drauf, denn ich liebe die Digitalisierung! Und ich hoffe, Deutschland hat in den n\u00e4chsten Jahren mehr als nur SAP, <a href=\"https:\/\/juergenkroder.com\/journalismus\/flugtaxi-bashing-zukunft-deutschland\/\" target=\"_blank\" rel=\"noopener noreferrer\">Flugtaxis<\/a> und die strenge Einhaltung der DSGVO zu bieten\u2026<\/p>\n<hr \/>\n<p><em>H\u00f6r- und Sehtipp zum Thema: <\/em><\/p>\n<div class=\"jetpack-video-wrapper\"><span class=\"embed-youtube\" style=\"text-align:center; display: block;\"><iframe loading=\"lazy\" class=\"youtube-player\" width=\"700\" height=\"394\" src=\"https:\/\/www.youtube.com\/embed\/LROypaRvguE?version=3&#038;rel=1&#038;showsearch=0&#038;showinfo=1&#038;iv_load_policy=1&#038;fs=1&#038;hl=de-DE&#038;autohide=2&#038;wmode=transparent\" allowfullscreen=\"true\" style=\"border:0;\" sandbox=\"allow-scripts allow-same-origin allow-popups allow-presentation allow-popups-to-escape-sandbox\"><\/iframe><\/span><\/div>\n<p>&nbsp;<\/p>\n<p style=\"text-align: right;\">Bilder: Shutterstock, Strategy-Transformation.com, Netzoekonom.de<\/p>\n","protected":false},"excerpt":{"rendered":"<p>Es wird gerne so getan, als g\u00e4be es die Digitalisierung erst seit ein paar Jahren. Das stimmt nicht! Der Digitale Wandel l\u00e4uft bereits viiiel l\u00e4nger.<\/p>\n","protected":false},"author":2,"featured_media":0,"comment_status":"open","ping_status":"open","sticky":false,"template":"","format":"standard","meta":{"_jetpack_memberships_contains_paid_content":false,"footnotes":"","_links_to":"","_links_to_target":""},"categories":[9],"tags":[12,134,135],"class_list":["post-1314","post","type-post","status-publish","format-standard","hentry","category-digitalisierung","tag-blog","tag-digitale-transformation","tag-geschichte","no-thumbnail"],"yoast_head":"<!-- This site is optimized with the Yoast SEO plugin v27.5 - https:\/\/yoast.com\/product\/yoast-seo-wordpress\/ -->\n<title>Wie alt ist die Digitalisierung? \u00dcber 200 Jahre, kein Scherz! - [ J\u00dcRGEN KRODER ]<\/title>\n<meta name=\"description\" content=\"Es wird gerne so getan, als g\u00e4be es die Digitalisierung erst seit ein paar Jahren. Ein Trend, der neu ist. Doch das stimmt nicht!\" \/>\n<meta name=\"robots\" content=\"index, follow, max-snippet:-1, max-image-preview:large, max-video-preview:-1\" \/>\n<link rel=\"canonical\" href=\"https:\/\/juergenkroder.com\/journalismus\/wie-alt-ist-die-digitalisierung\/\" \/>\n<meta property=\"og:locale\" content=\"de_DE\" \/>\n<meta property=\"og:type\" content=\"article\" \/>\n<meta property=\"og:title\" content=\"Wie alt ist die Digitalisierung? \u00dcber 200 Jahre, kein Scherz! - [ J\u00dcRGEN KRODER ]\" \/>\n<meta property=\"og:description\" content=\"Es wird gerne so getan, als g\u00e4be es die Digitalisierung erst seit ein paar Jahren. Ein Trend, der neu ist. Doch das stimmt nicht!\" \/>\n<meta property=\"og:url\" content=\"https:\/\/juergenkroder.com\/journalismus\/wie-alt-ist-die-digitalisierung\/\" \/>\n<meta property=\"og:site_name\" content=\"[ J\u00dcRGEN KRODER ]\" \/>\n<meta property=\"article:published_time\" content=\"2024-09-06T04:03:58+00:00\" \/>\n<meta property=\"article:modified_time\" content=\"2024-09-07T06:41:58+00:00\" \/>\n<meta property=\"og:image\" content=\"https:\/\/juergenkroder.com\/journalismus\/wp-content\/uploads\/2020\/07\/digitalisierung-teaser.jpg\" \/>\n<meta name=\"author\" content=\"J\u00fcrgen Kroder\" \/>\n<meta name=\"twitter:card\" content=\"summary_large_image\" \/>\n<meta name=\"twitter:creator\" content=\"@juergenkroder\" \/>\n<meta name=\"twitter:label1\" content=\"Verfasst von\" \/>\n\t<meta name=\"twitter:data1\" content=\"J\u00fcrgen Kroder\" \/>\n\t<meta name=\"twitter:label2\" content=\"Gesch\u00e4tzte Lesezeit\" \/>\n\t<meta name=\"twitter:data2\" content=\"5\u00a0Minuten\" \/>\n<script type=\"application\/ld+json\" class=\"yoast-schema-graph\">{\"@context\":\"https:\\\/\\\/schema.org\",\"@graph\":[{\"@type\":\"Article\",\"@id\":\"https:\\\/\\\/juergenkroder.com\\\/journalismus\\\/wie-alt-ist-die-digitalisierung\\\/#article\",\"isPartOf\":{\"@id\":\"https:\\\/\\\/juergenkroder.com\\\/journalismus\\\/wie-alt-ist-die-digitalisierung\\\/\"},\"author\":{\"name\":\"J\u00fcrgen Kroder\",\"@id\":\"https:\\\/\\\/juergenkroder.com\\\/journalismus\\\/#\\\/schema\\\/person\\\/28235210f16871bd79a64369c9141d5d\"},\"headline\":\"Wie alt ist die Digitalisierung? \u00dcber 200 Jahre, kein Scherz!\",\"datePublished\":\"2024-09-06T04:03:58+00:00\",\"dateModified\":\"2024-09-07T06:41:58+00:00\",\"mainEntityOfPage\":{\"@id\":\"https:\\\/\\\/juergenkroder.com\\\/journalismus\\\/wie-alt-ist-die-digitalisierung\\\/\"},\"wordCount\":744,\"commentCount\":1,\"image\":{\"@id\":\"https:\\\/\\\/juergenkroder.com\\\/journalismus\\\/wie-alt-ist-die-digitalisierung\\\/#primaryimage\"},\"thumbnailUrl\":\"https:\\\/\\\/juergenkroder.com\\\/journalismus\\\/wp-content\\\/uploads\\\/2020\\\/07\\\/digitalisierung-teaser.jpg\",\"keywords\":[\"Blog\",\"Digitale Transformation\",\"Geschichte\"],\"articleSection\":[\"Digitalisierung\"],\"inLanguage\":\"de\",\"potentialAction\":[{\"@type\":\"CommentAction\",\"name\":\"Comment\",\"target\":[\"https:\\\/\\\/juergenkroder.com\\\/journalismus\\\/wie-alt-ist-die-digitalisierung\\\/#respond\"]}]},{\"@type\":\"WebPage\",\"@id\":\"https:\\\/\\\/juergenkroder.com\\\/journalismus\\\/wie-alt-ist-die-digitalisierung\\\/\",\"url\":\"https:\\\/\\\/juergenkroder.com\\\/journalismus\\\/wie-alt-ist-die-digitalisierung\\\/\",\"name\":\"Wie alt ist die Digitalisierung? \u00dcber 200 Jahre, kein Scherz! - [ J\u00dcRGEN KRODER ]\",\"isPartOf\":{\"@id\":\"https:\\\/\\\/juergenkroder.com\\\/journalismus\\\/#website\"},\"primaryImageOfPage\":{\"@id\":\"https:\\\/\\\/juergenkroder.com\\\/journalismus\\\/wie-alt-ist-die-digitalisierung\\\/#primaryimage\"},\"image\":{\"@id\":\"https:\\\/\\\/juergenkroder.com\\\/journalismus\\\/wie-alt-ist-die-digitalisierung\\\/#primaryimage\"},\"thumbnailUrl\":\"https:\\\/\\\/juergenkroder.com\\\/journalismus\\\/wp-content\\\/uploads\\\/2020\\\/07\\\/digitalisierung-teaser.jpg\",\"datePublished\":\"2024-09-06T04:03:58+00:00\",\"dateModified\":\"2024-09-07T06:41:58+00:00\",\"author\":{\"@id\":\"https:\\\/\\\/juergenkroder.com\\\/journalismus\\\/#\\\/schema\\\/person\\\/28235210f16871bd79a64369c9141d5d\"},\"description\":\"Es wird gerne so getan, als g\u00e4be es die Digitalisierung erst seit ein paar Jahren. Ein Trend, der neu ist. Doch das stimmt nicht!\",\"breadcrumb\":{\"@id\":\"https:\\\/\\\/juergenkroder.com\\\/journalismus\\\/wie-alt-ist-die-digitalisierung\\\/#breadcrumb\"},\"inLanguage\":\"de\",\"potentialAction\":[{\"@type\":\"ReadAction\",\"target\":[\"https:\\\/\\\/juergenkroder.com\\\/journalismus\\\/wie-alt-ist-die-digitalisierung\\\/\"]}]},{\"@type\":\"ImageObject\",\"inLanguage\":\"de\",\"@id\":\"https:\\\/\\\/juergenkroder.com\\\/journalismus\\\/wie-alt-ist-die-digitalisierung\\\/#primaryimage\",\"url\":\"https:\\\/\\\/juergenkroder.com\\\/journalismus\\\/wp-content\\\/uploads\\\/2020\\\/07\\\/digitalisierung-teaser.jpg\",\"contentUrl\":\"https:\\\/\\\/juergenkroder.com\\\/journalismus\\\/wp-content\\\/uploads\\\/2020\\\/07\\\/digitalisierung-teaser.jpg\",\"width\":900,\"height\":400},{\"@type\":\"BreadcrumbList\",\"@id\":\"https:\\\/\\\/juergenkroder.com\\\/journalismus\\\/wie-alt-ist-die-digitalisierung\\\/#breadcrumb\",\"itemListElement\":[{\"@type\":\"ListItem\",\"position\":1,\"name\":\"Startseite\",\"item\":\"https:\\\/\\\/juergenkroder.com\\\/journalismus\\\/\"},{\"@type\":\"ListItem\",\"position\":2,\"name\":\"Wie alt ist die Digitalisierung? \u00dcber 200 Jahre, kein Scherz!\"}]},{\"@type\":\"WebSite\",\"@id\":\"https:\\\/\\\/juergenkroder.com\\\/journalismus\\\/#website\",\"url\":\"https:\\\/\\\/juergenkroder.com\\\/journalismus\\\/\",\"name\":\"[ J\u00dcRGEN KRODER ]\",\"description\":\"Ihr Texter, Fachautor &amp; Journalist f\u00fcr Digitalisierung, IT, KI, Tech, Start-ups und Marketing\",\"potentialAction\":[{\"@type\":\"SearchAction\",\"target\":{\"@type\":\"EntryPoint\",\"urlTemplate\":\"https:\\\/\\\/juergenkroder.com\\\/journalismus\\\/?s={search_term_string}\"},\"query-input\":{\"@type\":\"PropertyValueSpecification\",\"valueRequired\":true,\"valueName\":\"search_term_string\"}}],\"inLanguage\":\"de\"},{\"@type\":\"Person\",\"@id\":\"https:\\\/\\\/juergenkroder.com\\\/journalismus\\\/#\\\/schema\\\/person\\\/28235210f16871bd79a64369c9141d5d\",\"name\":\"J\u00fcrgen Kroder\",\"description\":\"Ich liebe Digitalisierung, KI, StartUps und Marketing. Deswegen schreibe ich als freier Fachautor f\u00fcr bekannte Publikationen \u00fcber diese Themengebiete. Und ich unterst\u00fctze als Marketing-Berater StartUps und mittelst\u00e4ndische Unternehmen bei ihrer Marketing-Strategie. Zudem arbeite ich noch als KI- und ChatGPT-Coach, um Anf\u00e4ngern den Einstieg zu erleichtern.\",\"sameAs\":[\"http:\\\/\\\/juergenkroder.com\\\/\",\"https:\\\/\\\/www.linkedin.com\\\/in\\\/jrgen-kroder-48272a51\\\/\",\"https:\\\/\\\/x.com\\\/juergenkroder\"],\"url\":\"https:\\\/\\\/juergenkroder.com\\\/journalismus\\\/author\\\/juergen\\\/\"}]}<\/script>\n<!-- \/ Yoast SEO plugin. -->","yoast_head_json":{"title":"Wie alt ist die Digitalisierung? \u00dcber 200 Jahre, kein Scherz! - [ J\u00dcRGEN KRODER ]","description":"Es wird gerne so getan, als g\u00e4be es die Digitalisierung erst seit ein paar Jahren. Ein Trend, der neu ist. Doch das stimmt nicht!","robots":{"index":"index","follow":"follow","max-snippet":"max-snippet:-1","max-image-preview":"max-image-preview:large","max-video-preview":"max-video-preview:-1"},"canonical":"https:\/\/juergenkroder.com\/journalismus\/wie-alt-ist-die-digitalisierung\/","og_locale":"de_DE","og_type":"article","og_title":"Wie alt ist die Digitalisierung? \u00dcber 200 Jahre, kein Scherz! - [ J\u00dcRGEN KRODER ]","og_description":"Es wird gerne so getan, als g\u00e4be es die Digitalisierung erst seit ein paar Jahren. Ein Trend, der neu ist. Doch das stimmt nicht!","og_url":"https:\/\/juergenkroder.com\/journalismus\/wie-alt-ist-die-digitalisierung\/","og_site_name":"[ J\u00dcRGEN KRODER ]","article_published_time":"2024-09-06T04:03:58+00:00","article_modified_time":"2024-09-07T06:41:58+00:00","og_image":[{"url":"https:\/\/juergenkroder.com\/journalismus\/wp-content\/uploads\/2020\/07\/digitalisierung-teaser.jpg","type":"","width":"","height":""}],"author":"J\u00fcrgen Kroder","twitter_card":"summary_large_image","twitter_creator":"@juergenkroder","twitter_misc":{"Verfasst von":"J\u00fcrgen Kroder","Gesch\u00e4tzte Lesezeit":"5\u00a0Minuten"},"schema":{"@context":"https:\/\/schema.org","@graph":[{"@type":"Article","@id":"https:\/\/juergenkroder.com\/journalismus\/wie-alt-ist-die-digitalisierung\/#article","isPartOf":{"@id":"https:\/\/juergenkroder.com\/journalismus\/wie-alt-ist-die-digitalisierung\/"},"author":{"name":"J\u00fcrgen Kroder","@id":"https:\/\/juergenkroder.com\/journalismus\/#\/schema\/person\/28235210f16871bd79a64369c9141d5d"},"headline":"Wie alt ist die Digitalisierung? \u00dcber 200 Jahre, kein Scherz!","datePublished":"2024-09-06T04:03:58+00:00","dateModified":"2024-09-07T06:41:58+00:00","mainEntityOfPage":{"@id":"https:\/\/juergenkroder.com\/journalismus\/wie-alt-ist-die-digitalisierung\/"},"wordCount":744,"commentCount":1,"image":{"@id":"https:\/\/juergenkroder.com\/journalismus\/wie-alt-ist-die-digitalisierung\/#primaryimage"},"thumbnailUrl":"https:\/\/juergenkroder.com\/journalismus\/wp-content\/uploads\/2020\/07\/digitalisierung-teaser.jpg","keywords":["Blog","Digitale Transformation","Geschichte"],"articleSection":["Digitalisierung"],"inLanguage":"de","potentialAction":[{"@type":"CommentAction","name":"Comment","target":["https:\/\/juergenkroder.com\/journalismus\/wie-alt-ist-die-digitalisierung\/#respond"]}]},{"@type":"WebPage","@id":"https:\/\/juergenkroder.com\/journalismus\/wie-alt-ist-die-digitalisierung\/","url":"https:\/\/juergenkroder.com\/journalismus\/wie-alt-ist-die-digitalisierung\/","name":"Wie alt ist die Digitalisierung? \u00dcber 200 Jahre, kein Scherz! - [ J\u00dcRGEN KRODER ]","isPartOf":{"@id":"https:\/\/juergenkroder.com\/journalismus\/#website"},"primaryImageOfPage":{"@id":"https:\/\/juergenkroder.com\/journalismus\/wie-alt-ist-die-digitalisierung\/#primaryimage"},"image":{"@id":"https:\/\/juergenkroder.com\/journalismus\/wie-alt-ist-die-digitalisierung\/#primaryimage"},"thumbnailUrl":"https:\/\/juergenkroder.com\/journalismus\/wp-content\/uploads\/2020\/07\/digitalisierung-teaser.jpg","datePublished":"2024-09-06T04:03:58+00:00","dateModified":"2024-09-07T06:41:58+00:00","author":{"@id":"https:\/\/juergenkroder.com\/journalismus\/#\/schema\/person\/28235210f16871bd79a64369c9141d5d"},"description":"Es wird gerne so getan, als g\u00e4be es die Digitalisierung erst seit ein paar Jahren. Ein Trend, der neu ist. Doch das stimmt nicht!","breadcrumb":{"@id":"https:\/\/juergenkroder.com\/journalismus\/wie-alt-ist-die-digitalisierung\/#breadcrumb"},"inLanguage":"de","potentialAction":[{"@type":"ReadAction","target":["https:\/\/juergenkroder.com\/journalismus\/wie-alt-ist-die-digitalisierung\/"]}]},{"@type":"ImageObject","inLanguage":"de","@id":"https:\/\/juergenkroder.com\/journalismus\/wie-alt-ist-die-digitalisierung\/#primaryimage","url":"https:\/\/juergenkroder.com\/journalismus\/wp-content\/uploads\/2020\/07\/digitalisierung-teaser.jpg","contentUrl":"https:\/\/juergenkroder.com\/journalismus\/wp-content\/uploads\/2020\/07\/digitalisierung-teaser.jpg","width":900,"height":400},{"@type":"BreadcrumbList","@id":"https:\/\/juergenkroder.com\/journalismus\/wie-alt-ist-die-digitalisierung\/#breadcrumb","itemListElement":[{"@type":"ListItem","position":1,"name":"Startseite","item":"https:\/\/juergenkroder.com\/journalismus\/"},{"@type":"ListItem","position":2,"name":"Wie alt ist die Digitalisierung? \u00dcber 200 Jahre, kein Scherz!"}]},{"@type":"WebSite","@id":"https:\/\/juergenkroder.com\/journalismus\/#website","url":"https:\/\/juergenkroder.com\/journalismus\/","name":"[ J\u00dcRGEN KRODER ]","description":"Ihr Texter, Fachautor &amp; Journalist f\u00fcr Digitalisierung, IT, KI, Tech, Start-ups und Marketing","potentialAction":[{"@type":"SearchAction","target":{"@type":"EntryPoint","urlTemplate":"https:\/\/juergenkroder.com\/journalismus\/?s={search_term_string}"},"query-input":{"@type":"PropertyValueSpecification","valueRequired":true,"valueName":"search_term_string"}}],"inLanguage":"de"},{"@type":"Person","@id":"https:\/\/juergenkroder.com\/journalismus\/#\/schema\/person\/28235210f16871bd79a64369c9141d5d","name":"J\u00fcrgen Kroder","description":"Ich liebe Digitalisierung, KI, StartUps und Marketing. Deswegen schreibe ich als freier Fachautor f\u00fcr bekannte Publikationen \u00fcber diese Themengebiete. Und ich unterst\u00fctze als Marketing-Berater StartUps und mittelst\u00e4ndische Unternehmen bei ihrer Marketing-Strategie. Zudem arbeite ich noch als KI- und ChatGPT-Coach, um Anf\u00e4ngern den Einstieg zu erleichtern.","sameAs":["http:\/\/juergenkroder.com\/","https:\/\/www.linkedin.com\/in\/jrgen-kroder-48272a51\/","https:\/\/x.com\/juergenkroder"],"url":"https:\/\/juergenkroder.com\/journalismus\/author\/juergen\/"}]}},"jetpack_featured_media_url":"","jetpack_shortlink":"https:\/\/wp.me\/pcqtTx-lc","jetpack-related-posts":[{"id":285,"url":"https:\/\/juergenkroder.com\/journalismus\/digitalisierung-internet-breitband\/","url_meta":{"origin":1314,"position":0},"title":"Ein Internetanschluss ist noch keine Digitalisierung!","author":"J\u00fcrgen Kroder","date":"21. November 2019","format":false,"excerpt":"Weil in Deutschland der Breitband-Ausbau nur schleppend vorangeht, wird gerne so getan, als g\u00e4be es kaum noch andere Aspekte in Sachen Digitalisierung.\u00a0 Deutschland verliert den Anschluss In den Medien ist unisono zu h\u00f6ren: Deutschland hinkt bei der Digitalisierung hinterher. Und dann wird gleich \u00fcber den mangelnden Breitband-Ausbau schwadroniert. Das ist\u2026","rel":"","context":"In &quot;Digitalisierung&quot;","block_context":{"text":"Digitalisierung","link":"https:\/\/juergenkroder.com\/journalismus\/category\/digitalisierung\/"},"img":{"alt_text":"Digitalisierung Internetkabel (Bild: Pixabay)","src":"https:\/\/i0.wp.com\/juergenkroder.com\/journalismus\/wp-content\/uploads\/2019\/07\/digitalisierung-internetkab.jpg?resize=350%2C200","width":350,"height":200,"srcset":"https:\/\/i0.wp.com\/juergenkroder.com\/journalismus\/wp-content\/uploads\/2019\/07\/digitalisierung-internetkab.jpg?resize=350%2C200 1x, https:\/\/i0.wp.com\/juergenkroder.com\/journalismus\/wp-content\/uploads\/2019\/07\/digitalisierung-internetkab.jpg?resize=525%2C300 1.5x, https:\/\/i0.wp.com\/juergenkroder.com\/journalismus\/wp-content\/uploads\/2019\/07\/digitalisierung-internetkab.jpg?resize=700%2C400 2x"},"classes":[]},{"id":427,"url":"https:\/\/juergenkroder.com\/journalismus\/digitalisierung-falsche-denkweise\/","url_meta":{"origin":1314,"position":1},"title":"\u201cWir sind mit unserem Digitalisierungsprojekt fertig\u201d &#8211; ein Epic FAIL!","author":"J\u00fcrgen Kroder","date":"11. November 2019","format":false,"excerpt":"Manche Manager sind von der Digitalisierung \u00fcberfordert. Also bremsen sie die digitale Transformation ihres Unternehmens mit falschen Denkweisen und Herangehensweisen aus. Hier ein trauriges Beispiel aus dem echten Leben. Ein Software-Update als Digitalisierungsprojekt Vor ein paar Wochen sa\u00df ich mit einem Freund bei einem Bier zusammen. Er erz\u00e4hlte mir, dass\u2026","rel":"","context":"In &quot;Digitalisierung&quot;","block_context":{"text":"Digitalisierung","link":"https:\/\/juergenkroder.com\/journalismus\/category\/digitalisierung\/"},"img":{"alt_text":"Digitalisierung Software Update (Bild: Pixabay)","src":"https:\/\/i0.wp.com\/juergenkroder.com\/journalismus\/wp-content\/uploads\/2019\/11\/digitalisierung-update.jpg?resize=350%2C200","width":350,"height":200,"srcset":"https:\/\/i0.wp.com\/juergenkroder.com\/journalismus\/wp-content\/uploads\/2019\/11\/digitalisierung-update.jpg?resize=350%2C200 1x, https:\/\/i0.wp.com\/juergenkroder.com\/journalismus\/wp-content\/uploads\/2019\/11\/digitalisierung-update.jpg?resize=525%2C300 1.5x, https:\/\/i0.wp.com\/juergenkroder.com\/journalismus\/wp-content\/uploads\/2019\/11\/digitalisierung-update.jpg?resize=700%2C400 2x"},"classes":[]},{"id":651,"url":"https:\/\/startupwissen.biz\/inspirierende-buecher-fuer-startup-gruender\/","url_meta":{"origin":1314,"position":2},"title":"12 inspirierende B\u00fccher f\u00fcr Marketer, Selbstst\u00e4ndige und &#8222;Digitalos&#8220; [Update]","author":"J\u00fcrgen Kroder","date":"30. April 2021","format":false,"excerpt":"Mit diesen Buchtipps \u00f6ffnest du deinen Kopf f\u00fcr neue Horizonte. Und du erh\u00e4ltst wichtige Tipps zu den Themen Entrepreneurship, Marketing und Digitalisierung. Lesen, lernen, besser machen Obwohl ich viele Webseiten \/ Blogs lese sowie Podcasts h\u00f6re, bin ich weiterhin ein Fan von gedruckten B\u00fcchern. Meiner Meinung nach k\u00f6nnen Fachb\u00fccher als\u2026","rel":"","context":"In &quot;Digitalisierung&quot;","block_context":{"text":"Digitalisierung","link":"https:\/\/juergenkroder.com\/journalismus\/category\/digitalisierung\/"},"img":{"alt_text":"","src":"https:\/\/i0.wp.com\/juergenkroder.com\/journalismus\/wp-content\/uploads\/2020\/12\/buch-digitalisierung-marketing-vertrieb.jpg?resize=350%2C200&ssl=1","width":350,"height":200},"classes":[]},{"id":267,"url":"https:\/\/juergenkroder.com\/journalismus\/paradox-obwohl-wir-schon-digital-leben-kommt-die-digitalisierung-nicht-voran\/","url_meta":{"origin":1314,"position":3},"title":"Paradox: Obwohl wir schon digital leben, kommt die Digitalisierung nicht voran","author":"J\u00fcrgen Kroder","date":"28. September 2019","format":false,"excerpt":"Es gibt in Deutschland eine Kluft. Auf der einen Seite k\u00f6nnen wir ohne digitale Produkte nicht mehr leben. Andererseits geht die Digitalisierung nur im Schneckentempo voran. Was ist da los? Deutschland ist ein Entwicklungsland Der Breitband-Ausbau kommt seit vielen Jahren nicht voran. Es gibt neben SAP keine anderen, digitalen Big\u2026","rel":"","context":"In &quot;Digitalisierung&quot;","block_context":{"text":"Digitalisierung","link":"https:\/\/juergenkroder.com\/journalismus\/category\/digitalisierung\/"},"img":{"alt_text":"Digitalisierung im Alltag - Smartphone (Bild: Pixabay)","src":"https:\/\/i0.wp.com\/juergenkroder.com\/journalismus\/wp-content\/uploads\/2019\/07\/digitalisierung-alltag.jpg?resize=350%2C200","width":350,"height":200,"srcset":"https:\/\/i0.wp.com\/juergenkroder.com\/journalismus\/wp-content\/uploads\/2019\/07\/digitalisierung-alltag.jpg?resize=350%2C200 1x, https:\/\/i0.wp.com\/juergenkroder.com\/journalismus\/wp-content\/uploads\/2019\/07\/digitalisierung-alltag.jpg?resize=525%2C300 1.5x, https:\/\/i0.wp.com\/juergenkroder.com\/journalismus\/wp-content\/uploads\/2019\/07\/digitalisierung-alltag.jpg?resize=700%2C400 2x"},"classes":[]},{"id":641,"url":"https:\/\/juergenkroder.com\/journalismus\/digitalisierung-mitarbeiter-digitalkompetenz\/","url_meta":{"origin":1314,"position":4},"title":"Bitte, liebe Unternehmer: Make Digitalisierung sexy!","author":"J\u00fcrgen Kroder","date":"12. November 2020","format":false,"excerpt":"Es kracht bei der Digitalen Transformation deutscher Unternehmen. Warum? Weil das Thema Digitalisierung noch nicht \"sexy\" genug ist. So geht's besser. Die zwei Welten der Digitalisierung Hach, mit der Digitalisierung ist es zum Verr\u00fccktwerden! Wie in meinem Blogbeitrag \u201cObwohl wir digital leben, kommt die Digitalisierung nicht voran\u201d beschrieben, agieren die\u2026","rel":"","context":"In &quot;Digitalisierung&quot;","block_context":{"text":"Digitalisierung","link":"https:\/\/juergenkroder.com\/journalismus\/category\/digitalisierung\/"},"img":{"alt_text":"","src":"https:\/\/i0.wp.com\/juergenkroder.com\/journalismus\/wp-content\/uploads\/2020\/03\/digitalisierung-make-it-sex.jpg?resize=350%2C200&ssl=1","width":350,"height":200,"srcset":"https:\/\/i0.wp.com\/juergenkroder.com\/journalismus\/wp-content\/uploads\/2020\/03\/digitalisierung-make-it-sex.jpg?resize=350%2C200&ssl=1 1x, https:\/\/i0.wp.com\/juergenkroder.com\/journalismus\/wp-content\/uploads\/2020\/03\/digitalisierung-make-it-sex.jpg?resize=525%2C300&ssl=1 1.5x, https:\/\/i0.wp.com\/juergenkroder.com\/journalismus\/wp-content\/uploads\/2020\/03\/digitalisierung-make-it-sex.jpg?resize=700%2C400&ssl=1 2x"},"classes":[]},{"id":536,"url":"https:\/\/juergenkroder.com\/journalismus\/omg-die-digitalisierung-killt-unsere-jobs\/","url_meta":{"origin":1314,"position":5},"title":"\u201cOMG &#8211; Die Digitalisierung killt unsere Jobs!\u201d","author":"J\u00fcrgen Kroder","date":"3. Februar 2020","format":false,"excerpt":"Ein Schreckgespenst geht um. Es nennt sich Digitalisierung und wird Millionen von Arbeitspl\u00e4tze kosten. Sind wir bald alle arbeitslos? Quatsch! Verkl\u00e4rte Vergangenheit Mal ganz ehrlich: Wann habt ihr euch das letzte Mal gedacht, ihr w\u00e4rt gerne Kutscher, Fassmacher, Henker, Bernsteindreher, Schriftsetzer oder Laternenanz\u00fcnder? Oder zieht es euch tief in der\u2026","rel":"","context":"In &quot;Digitalisierung&quot;","block_context":{"text":"Digitalisierung","link":"https:\/\/juergenkroder.com\/journalismus\/category\/digitalisierung\/"},"img":{"alt_text":"Digitalisierung Jobkiller (Bild: Pixabay)","src":"https:\/\/i0.wp.com\/juergenkroder.com\/journalismus\/wp-content\/uploads\/2020\/01\/digitalisierung-jobkiller.jpg?resize=350%2C200","width":350,"height":200,"srcset":"https:\/\/i0.wp.com\/juergenkroder.com\/journalismus\/wp-content\/uploads\/2020\/01\/digitalisierung-jobkiller.jpg?resize=350%2C200 1x, https:\/\/i0.wp.com\/juergenkroder.com\/journalismus\/wp-content\/uploads\/2020\/01\/digitalisierung-jobkiller.jpg?resize=525%2C300 1.5x, https:\/\/i0.wp.com\/juergenkroder.com\/journalismus\/wp-content\/uploads\/2020\/01\/digitalisierung-jobkiller.jpg?resize=700%2C400 2x"},"classes":[]}],"jetpack_sharing_enabled":true,"_links":{"self":[{"href":"https:\/\/juergenkroder.com\/journalismus\/wp-json\/wp\/v2\/posts\/1314","targetHints":{"allow":["GET"]}}],"collection":[{"href":"https:\/\/juergenkroder.com\/journalismus\/wp-json\/wp\/v2\/posts"}],"about":[{"href":"https:\/\/juergenkroder.com\/journalismus\/wp-json\/wp\/v2\/types\/post"}],"author":[{"embeddable":true,"href":"https:\/\/juergenkroder.com\/journalismus\/wp-json\/wp\/v2\/users\/2"}],"replies":[{"embeddable":true,"href":"https:\/\/juergenkroder.com\/journalismus\/wp-json\/wp\/v2\/comments?post=1314"}],"version-history":[{"count":24,"href":"https:\/\/juergenkroder.com\/journalismus\/wp-json\/wp\/v2\/posts\/1314\/revisions"}],"predecessor-version":[{"id":5204,"href":"https:\/\/juergenkroder.com\/journalismus\/wp-json\/wp\/v2\/posts\/1314\/revisions\/5204"}],"wp:attachment":[{"href":"https:\/\/juergenkroder.com\/journalismus\/wp-json\/wp\/v2\/media?parent=1314"}],"wp:term":[{"taxonomy":"category","embeddable":true,"href":"https:\/\/juergenkroder.com\/journalismus\/wp-json\/wp\/v2\/categories?post=1314"},{"taxonomy":"post_tag","embeddable":true,"href":"https:\/\/juergenkroder.com\/journalismus\/wp-json\/wp\/v2\/tags?post=1314"}],"curies":[{"name":"wp","href":"https:\/\/api.w.org\/{rel}","templated":true}]}}