{"id":1885,"date":"2020-11-15T10:56:09","date_gmt":"2020-11-15T09:56:09","guid":{"rendered":"https:\/\/juergenkroder.com\/journalismus\/?p=1885"},"modified":"2025-02-18T12:18:30","modified_gmt":"2025-02-18T11:18:30","slug":"ups-podcast-beste-social-media-zeiten","status":"publish","type":"post","link":"https:\/\/juergenkroder.com\/journalismus\/ups-podcast-beste-social-media-zeiten\/","title":{"rendered":"Wann ist der beste Zeitpunkt f\u00fcr Social-Media-Posts?"},"content":{"rendered":"<p><img loading=\"lazy\" decoding=\"async\" src=\"https:\/\/juergenkroder.com\/journalismus\/wp-content\/uploads\/2020\/11\/usp-podcast-blog-teaser-folge-19.jpg\" alt=\"Die besten Social Media Zeiten (Bild: Pixabay)\" width=\"700\" height=\"311\" \/><\/p>\n<p><strong>An welchen Tagen und zu welchen Uhrzeiten erreichst du die meisten Menschen auf Facebook &amp; Co.? Eine wichtige Frage, auf die es mehrere Antworten gibt.<\/strong><\/p>\n<p><!--more--><\/p>\n<h2>Was sind die besten Zeiten f\u00fcr Social-Media-Beitr\u00e4ge?<\/h2>\n<p>Morgens, mittags, abends, unter der Woche oder am Wochenende: Wann erreichen deine Posts auf Facebook, Instagram, Twitter, LinkedIn oder Pinterest die meisten Menschen? Die Antwort darauf liefert <a href=\"https:\/\/www.blog2social.com\/de\/blog\/infografik-die-besten-zeiten-fuer-social-media-beitraege\/\" target=\"_blank\" rel=\"noopener noreferrer\">dieser Social-Media-Zeitplan<\/a>:<\/p>\n<p><img loading=\"lazy\" decoding=\"async\" class=\"aligncenter size-full wp-image-1887\" src=\"https:\/\/juergenkroder.com\/journalismus\/wp-content\/uploads\/2020\/11\/social-media-zeitplan.png\" alt=\"Social Media Zeitplan (Bild: Blog2Social)\" width=\"1000\" height=\"1440\" srcset=\"https:\/\/juergenkroder.com\/journalismus\/wp-content\/uploads\/2020\/11\/social-media-zeitplan.png 1000w, https:\/\/juergenkroder.com\/journalismus\/wp-content\/uploads\/2020\/11\/social-media-zeitplan-208x300.png 208w, https:\/\/juergenkroder.com\/journalismus\/wp-content\/uploads\/2020\/11\/social-media-zeitplan-711x1024.png 711w, https:\/\/juergenkroder.com\/journalismus\/wp-content\/uploads\/2020\/11\/social-media-zeitplan-768x1106.png 768w, https:\/\/juergenkroder.com\/journalismus\/wp-content\/uploads\/2020\/11\/social-media-zeitplan-900x1296.png 900w\" sizes=\"auto, (max-width: 1000px) 100vw, 1000px\" \/><br \/>\nDer Social-Media-Zeitplan stammt von der Adenion GmbH, die hat unter anderem <a href=\"https:\/\/www.blog2social.com\/de\/\" target=\"_blank\" rel=\"noopener noreferrer\">Blog2Social<\/a> im Angebot.<\/p>\n<h2>\u00dcber Blog2Social und den besten Zeiten auf den sozialen Netzwerken<\/h2>\n<p>Was steckt genau hinter Blog2Social? Sollte man sich wirklich an den Social-Media-Zeitplan halten? Diesen und weiteren Fragen gehe ich in der 19. Folge des <a href=\"https:\/\/juergenkroder.com\/journalismus\/tag\/usp-marketing-podcast\/\" target=\"_blank\" rel=\"noopener noreferrer\">USP Marketing Podcast<\/a> nach.<\/p>\n<p>Mein Gast ist Monika Zemisch. Sie erkl\u00e4rt, wie die Idee zu Blog2Social entstand, und wie das deutsche Social-Media-Tool sich im internationalen Vergleich behaupten kann.<\/p>\n<p>Und nat\u00fcrlich reden wir im Detail dar\u00fcber, was die besten Zeiten f\u00fcr deine Social-Media-Aktivit\u00e4ten sind und was du zu beachten hast. Viel Spa\u00df beim Anh\u00f6ren und viel Erfolg bei der Umsetzung!<\/p>\n<p><em><strong>Hinweis: Die Podcast-Folge ist nicht mehr verf\u00fcgbar!<\/strong><\/em><\/p>\n<p style=\"text-align: right;\">Bilder: Freepik, Adenion<\/p>\n","protected":false},"excerpt":{"rendered":"<p>An welchen Tagen und zu welchen Uhrzeiten erreichst du die meisten Menschen auf Facebook &amp; Co.? Eine wichtige Frage, auf die es mehrere Antworten gibt.<\/p>\n","protected":false},"author":2,"featured_media":0,"comment_status":"open","ping_status":"open","sticky":false,"template":"","format":"standard","meta":{"_jetpack_memberships_contains_paid_content":false,"footnotes":"","_links_to":"","_links_to_target":""},"categories":[29],"tags":[171,128,109,149,130,106,129,122,150],"class_list":["post-1885","post","type-post","status-publish","format-standard","hentry","category-marketing","tag-blog2social","tag-facebook","tag-instagram","tag-linkedin","tag-pinterest","tag-social-media","tag-twitter","tag-usp-marketing-podcast","tag-xing","no-thumbnail"],"yoast_head":"<!-- This site is optimized with the Yoast SEO plugin v27.5 - https:\/\/yoast.com\/product\/yoast-seo-wordpress\/ -->\n<title>Wann ist der beste Zeitpunkt f\u00fcr Social-Media-Posts? - [ J\u00dcRGEN KRODER ]<\/title>\n<meta name=\"robots\" content=\"index, follow, max-snippet:-1, max-image-preview:large, max-video-preview:-1\" \/>\n<link rel=\"canonical\" href=\"https:\/\/juergenkroder.com\/journalismus\/ups-podcast-beste-social-media-zeiten\/\" \/>\n<meta property=\"og:locale\" content=\"de_DE\" \/>\n<meta property=\"og:type\" content=\"article\" \/>\n<meta property=\"og:title\" content=\"Wann ist der beste Zeitpunkt f\u00fcr Social-Media-Posts? - [ J\u00dcRGEN KRODER ]\" \/>\n<meta property=\"og:description\" content=\"An welchen Tagen und zu welchen Uhrzeiten erreichst du die meisten Menschen auf Facebook &amp; Co.? Eine wichtige Frage, auf die es mehrere Antworten gibt.\" \/>\n<meta property=\"og:url\" content=\"https:\/\/juergenkroder.com\/journalismus\/ups-podcast-beste-social-media-zeiten\/\" \/>\n<meta property=\"og:site_name\" content=\"[ J\u00dcRGEN KRODER ]\" \/>\n<meta property=\"article:published_time\" content=\"2020-11-15T09:56:09+00:00\" \/>\n<meta property=\"article:modified_time\" content=\"2025-02-18T11:18:30+00:00\" \/>\n<meta property=\"og:image\" content=\"https:\/\/juergenkroder.com\/journalismus\/wp-content\/uploads\/2020\/11\/usp-podcast-blog-teaser-folge-19.jpg\" \/>\n<meta name=\"author\" content=\"J\u00fcrgen Kroder\" \/>\n<meta name=\"twitter:card\" content=\"summary_large_image\" \/>\n<meta name=\"twitter:creator\" content=\"@juergenkroder\" \/>\n<meta name=\"twitter:label1\" content=\"Verfasst von\" \/>\n\t<meta name=\"twitter:data1\" content=\"J\u00fcrgen Kroder\" \/>\n\t<meta name=\"twitter:label2\" content=\"Gesch\u00e4tzte Lesezeit\" \/>\n\t<meta name=\"twitter:data2\" content=\"2\u00a0Minuten\" \/>\n<script type=\"application\/ld+json\" class=\"yoast-schema-graph\">{\"@context\":\"https:\\\/\\\/schema.org\",\"@graph\":[{\"@type\":\"Article\",\"@id\":\"https:\\\/\\\/juergenkroder.com\\\/journalismus\\\/ups-podcast-beste-social-media-zeiten\\\/#article\",\"isPartOf\":{\"@id\":\"https:\\\/\\\/juergenkroder.com\\\/journalismus\\\/ups-podcast-beste-social-media-zeiten\\\/\"},\"author\":{\"name\":\"J\u00fcrgen Kroder\",\"@id\":\"https:\\\/\\\/juergenkroder.com\\\/journalismus\\\/#\\\/schema\\\/person\\\/28235210f16871bd79a64369c9141d5d\"},\"headline\":\"Wann ist der beste Zeitpunkt f\u00fcr Social-Media-Posts?\",\"datePublished\":\"2020-11-15T09:56:09+00:00\",\"dateModified\":\"2025-02-18T11:18:30+00:00\",\"mainEntityOfPage\":{\"@id\":\"https:\\\/\\\/juergenkroder.com\\\/journalismus\\\/ups-podcast-beste-social-media-zeiten\\\/\"},\"wordCount\":198,\"commentCount\":0,\"image\":{\"@id\":\"https:\\\/\\\/juergenkroder.com\\\/journalismus\\\/ups-podcast-beste-social-media-zeiten\\\/#primaryimage\"},\"thumbnailUrl\":\"https:\\\/\\\/juergenkroder.com\\\/journalismus\\\/wp-content\\\/uploads\\\/2020\\\/11\\\/usp-podcast-blog-teaser-folge-19.jpg\",\"keywords\":[\"Blog2Social\",\"Facebook\",\"Instagram\",\"LinkedIn\",\"Pinterest\",\"Social Media\",\"Twitter\",\"USP Marketing Podcast \\\/ StartUpWissen Podcast\",\"Xing\"],\"articleSection\":[\"Marketing\"],\"inLanguage\":\"de\",\"potentialAction\":[{\"@type\":\"CommentAction\",\"name\":\"Comment\",\"target\":[\"https:\\\/\\\/juergenkroder.com\\\/journalismus\\\/ups-podcast-beste-social-media-zeiten\\\/#respond\"]}]},{\"@type\":\"WebPage\",\"@id\":\"https:\\\/\\\/juergenkroder.com\\\/journalismus\\\/ups-podcast-beste-social-media-zeiten\\\/\",\"url\":\"https:\\\/\\\/juergenkroder.com\\\/journalismus\\\/ups-podcast-beste-social-media-zeiten\\\/\",\"name\":\"Wann ist der beste Zeitpunkt f\u00fcr Social-Media-Posts? - [ J\u00dcRGEN KRODER ]\",\"isPartOf\":{\"@id\":\"https:\\\/\\\/juergenkroder.com\\\/journalismus\\\/#website\"},\"primaryImageOfPage\":{\"@id\":\"https:\\\/\\\/juergenkroder.com\\\/journalismus\\\/ups-podcast-beste-social-media-zeiten\\\/#primaryimage\"},\"image\":{\"@id\":\"https:\\\/\\\/juergenkroder.com\\\/journalismus\\\/ups-podcast-beste-social-media-zeiten\\\/#primaryimage\"},\"thumbnailUrl\":\"https:\\\/\\\/juergenkroder.com\\\/journalismus\\\/wp-content\\\/uploads\\\/2020\\\/11\\\/usp-podcast-blog-teaser-folge-19.jpg\",\"datePublished\":\"2020-11-15T09:56:09+00:00\",\"dateModified\":\"2025-02-18T11:18:30+00:00\",\"author\":{\"@id\":\"https:\\\/\\\/juergenkroder.com\\\/journalismus\\\/#\\\/schema\\\/person\\\/28235210f16871bd79a64369c9141d5d\"},\"breadcrumb\":{\"@id\":\"https:\\\/\\\/juergenkroder.com\\\/journalismus\\\/ups-podcast-beste-social-media-zeiten\\\/#breadcrumb\"},\"inLanguage\":\"de\",\"potentialAction\":[{\"@type\":\"ReadAction\",\"target\":[\"https:\\\/\\\/juergenkroder.com\\\/journalismus\\\/ups-podcast-beste-social-media-zeiten\\\/\"]}]},{\"@type\":\"ImageObject\",\"inLanguage\":\"de\",\"@id\":\"https:\\\/\\\/juergenkroder.com\\\/journalismus\\\/ups-podcast-beste-social-media-zeiten\\\/#primaryimage\",\"url\":\"https:\\\/\\\/juergenkroder.com\\\/journalismus\\\/wp-content\\\/uploads\\\/2020\\\/11\\\/usp-podcast-blog-teaser-folge-19.jpg\",\"contentUrl\":\"https:\\\/\\\/juergenkroder.com\\\/journalismus\\\/wp-content\\\/uploads\\\/2020\\\/11\\\/usp-podcast-blog-teaser-folge-19.jpg\",\"width\":700,\"height\":311,\"caption\":\"Die besten Social Media Zeiten (Bild: Pixabay)\"},{\"@type\":\"BreadcrumbList\",\"@id\":\"https:\\\/\\\/juergenkroder.com\\\/journalismus\\\/ups-podcast-beste-social-media-zeiten\\\/#breadcrumb\",\"itemListElement\":[{\"@type\":\"ListItem\",\"position\":1,\"name\":\"Startseite\",\"item\":\"https:\\\/\\\/juergenkroder.com\\\/journalismus\\\/\"},{\"@type\":\"ListItem\",\"position\":2,\"name\":\"Wann ist der beste Zeitpunkt f\u00fcr Social-Media-Posts?\"}]},{\"@type\":\"WebSite\",\"@id\":\"https:\\\/\\\/juergenkroder.com\\\/journalismus\\\/#website\",\"url\":\"https:\\\/\\\/juergenkroder.com\\\/journalismus\\\/\",\"name\":\"[ J\u00dcRGEN KRODER ]\",\"description\":\"Ihr Texter, Fachautor &amp; Journalist f\u00fcr Digitalisierung, IT, KI, Tech, Start-ups und Marketing\",\"potentialAction\":[{\"@type\":\"SearchAction\",\"target\":{\"@type\":\"EntryPoint\",\"urlTemplate\":\"https:\\\/\\\/juergenkroder.com\\\/journalismus\\\/?s={search_term_string}\"},\"query-input\":{\"@type\":\"PropertyValueSpecification\",\"valueRequired\":true,\"valueName\":\"search_term_string\"}}],\"inLanguage\":\"de\"},{\"@type\":\"Person\",\"@id\":\"https:\\\/\\\/juergenkroder.com\\\/journalismus\\\/#\\\/schema\\\/person\\\/28235210f16871bd79a64369c9141d5d\",\"name\":\"J\u00fcrgen Kroder\",\"description\":\"Ich liebe Digitalisierung, KI, StartUps und Marketing. Deswegen schreibe ich als freier Fachautor f\u00fcr bekannte Publikationen \u00fcber diese Themengebiete. Und ich unterst\u00fctze als Marketing-Berater StartUps und mittelst\u00e4ndische Unternehmen bei ihrer Marketing-Strategie. Zudem arbeite ich noch als KI- und ChatGPT-Coach, um Anf\u00e4ngern den Einstieg zu erleichtern.\",\"sameAs\":[\"http:\\\/\\\/juergenkroder.com\\\/\",\"https:\\\/\\\/www.linkedin.com\\\/in\\\/jrgen-kroder-48272a51\\\/\",\"https:\\\/\\\/x.com\\\/juergenkroder\"],\"url\":\"https:\\\/\\\/juergenkroder.com\\\/journalismus\\\/author\\\/juergen\\\/\"}]}<\/script>\n<!-- \/ Yoast SEO plugin. -->","yoast_head_json":{"title":"Wann ist der beste Zeitpunkt f\u00fcr Social-Media-Posts? - [ J\u00dcRGEN KRODER ]","robots":{"index":"index","follow":"follow","max-snippet":"max-snippet:-1","max-image-preview":"max-image-preview:large","max-video-preview":"max-video-preview:-1"},"canonical":"https:\/\/juergenkroder.com\/journalismus\/ups-podcast-beste-social-media-zeiten\/","og_locale":"de_DE","og_type":"article","og_title":"Wann ist der beste Zeitpunkt f\u00fcr Social-Media-Posts? - [ J\u00dcRGEN KRODER ]","og_description":"An welchen Tagen und zu welchen Uhrzeiten erreichst du die meisten Menschen auf Facebook &amp; Co.? Eine wichtige Frage, auf die es mehrere Antworten gibt.","og_url":"https:\/\/juergenkroder.com\/journalismus\/ups-podcast-beste-social-media-zeiten\/","og_site_name":"[ J\u00dcRGEN KRODER ]","article_published_time":"2020-11-15T09:56:09+00:00","article_modified_time":"2025-02-18T11:18:30+00:00","og_image":[{"url":"https:\/\/juergenkroder.com\/journalismus\/wp-content\/uploads\/2020\/11\/usp-podcast-blog-teaser-folge-19.jpg","type":"","width":"","height":""}],"author":"J\u00fcrgen Kroder","twitter_card":"summary_large_image","twitter_creator":"@juergenkroder","twitter_misc":{"Verfasst von":"J\u00fcrgen Kroder","Gesch\u00e4tzte Lesezeit":"2\u00a0Minuten"},"schema":{"@context":"https:\/\/schema.org","@graph":[{"@type":"Article","@id":"https:\/\/juergenkroder.com\/journalismus\/ups-podcast-beste-social-media-zeiten\/#article","isPartOf":{"@id":"https:\/\/juergenkroder.com\/journalismus\/ups-podcast-beste-social-media-zeiten\/"},"author":{"name":"J\u00fcrgen Kroder","@id":"https:\/\/juergenkroder.com\/journalismus\/#\/schema\/person\/28235210f16871bd79a64369c9141d5d"},"headline":"Wann ist der beste Zeitpunkt f\u00fcr Social-Media-Posts?","datePublished":"2020-11-15T09:56:09+00:00","dateModified":"2025-02-18T11:18:30+00:00","mainEntityOfPage":{"@id":"https:\/\/juergenkroder.com\/journalismus\/ups-podcast-beste-social-media-zeiten\/"},"wordCount":198,"commentCount":0,"image":{"@id":"https:\/\/juergenkroder.com\/journalismus\/ups-podcast-beste-social-media-zeiten\/#primaryimage"},"thumbnailUrl":"https:\/\/juergenkroder.com\/journalismus\/wp-content\/uploads\/2020\/11\/usp-podcast-blog-teaser-folge-19.jpg","keywords":["Blog2Social","Facebook","Instagram","LinkedIn","Pinterest","Social Media","Twitter","USP Marketing Podcast \/ StartUpWissen Podcast","Xing"],"articleSection":["Marketing"],"inLanguage":"de","potentialAction":[{"@type":"CommentAction","name":"Comment","target":["https:\/\/juergenkroder.com\/journalismus\/ups-podcast-beste-social-media-zeiten\/#respond"]}]},{"@type":"WebPage","@id":"https:\/\/juergenkroder.com\/journalismus\/ups-podcast-beste-social-media-zeiten\/","url":"https:\/\/juergenkroder.com\/journalismus\/ups-podcast-beste-social-media-zeiten\/","name":"Wann ist der beste Zeitpunkt f\u00fcr Social-Media-Posts? - [ J\u00dcRGEN KRODER ]","isPartOf":{"@id":"https:\/\/juergenkroder.com\/journalismus\/#website"},"primaryImageOfPage":{"@id":"https:\/\/juergenkroder.com\/journalismus\/ups-podcast-beste-social-media-zeiten\/#primaryimage"},"image":{"@id":"https:\/\/juergenkroder.com\/journalismus\/ups-podcast-beste-social-media-zeiten\/#primaryimage"},"thumbnailUrl":"https:\/\/juergenkroder.com\/journalismus\/wp-content\/uploads\/2020\/11\/usp-podcast-blog-teaser-folge-19.jpg","datePublished":"2020-11-15T09:56:09+00:00","dateModified":"2025-02-18T11:18:30+00:00","author":{"@id":"https:\/\/juergenkroder.com\/journalismus\/#\/schema\/person\/28235210f16871bd79a64369c9141d5d"},"breadcrumb":{"@id":"https:\/\/juergenkroder.com\/journalismus\/ups-podcast-beste-social-media-zeiten\/#breadcrumb"},"inLanguage":"de","potentialAction":[{"@type":"ReadAction","target":["https:\/\/juergenkroder.com\/journalismus\/ups-podcast-beste-social-media-zeiten\/"]}]},{"@type":"ImageObject","inLanguage":"de","@id":"https:\/\/juergenkroder.com\/journalismus\/ups-podcast-beste-social-media-zeiten\/#primaryimage","url":"https:\/\/juergenkroder.com\/journalismus\/wp-content\/uploads\/2020\/11\/usp-podcast-blog-teaser-folge-19.jpg","contentUrl":"https:\/\/juergenkroder.com\/journalismus\/wp-content\/uploads\/2020\/11\/usp-podcast-blog-teaser-folge-19.jpg","width":700,"height":311,"caption":"Die besten Social Media Zeiten (Bild: Pixabay)"},{"@type":"BreadcrumbList","@id":"https:\/\/juergenkroder.com\/journalismus\/ups-podcast-beste-social-media-zeiten\/#breadcrumb","itemListElement":[{"@type":"ListItem","position":1,"name":"Startseite","item":"https:\/\/juergenkroder.com\/journalismus\/"},{"@type":"ListItem","position":2,"name":"Wann ist der beste Zeitpunkt f\u00fcr Social-Media-Posts?"}]},{"@type":"WebSite","@id":"https:\/\/juergenkroder.com\/journalismus\/#website","url":"https:\/\/juergenkroder.com\/journalismus\/","name":"[ J\u00dcRGEN KRODER ]","description":"Ihr Texter, Fachautor &amp; Journalist f\u00fcr Digitalisierung, IT, KI, Tech, Start-ups und Marketing","potentialAction":[{"@type":"SearchAction","target":{"@type":"EntryPoint","urlTemplate":"https:\/\/juergenkroder.com\/journalismus\/?s={search_term_string}"},"query-input":{"@type":"PropertyValueSpecification","valueRequired":true,"valueName":"search_term_string"}}],"inLanguage":"de"},{"@type":"Person","@id":"https:\/\/juergenkroder.com\/journalismus\/#\/schema\/person\/28235210f16871bd79a64369c9141d5d","name":"J\u00fcrgen Kroder","description":"Ich liebe Digitalisierung, KI, StartUps und Marketing. Deswegen schreibe ich als freier Fachautor f\u00fcr bekannte Publikationen \u00fcber diese Themengebiete. Und ich unterst\u00fctze als Marketing-Berater StartUps und mittelst\u00e4ndische Unternehmen bei ihrer Marketing-Strategie. Zudem arbeite ich noch als KI- und ChatGPT-Coach, um Anf\u00e4ngern den Einstieg zu erleichtern.","sameAs":["http:\/\/juergenkroder.com\/","https:\/\/www.linkedin.com\/in\/jrgen-kroder-48272a51\/","https:\/\/x.com\/juergenkroder"],"url":"https:\/\/juergenkroder.com\/journalismus\/author\/juergen\/"}]}},"jetpack_featured_media_url":"","jetpack_shortlink":"https:\/\/wp.me\/pcqtTx-up","jetpack-related-posts":[{"id":2405,"url":"https:\/\/juergenkroder.com\/journalismus\/social-media-kanaele-favoriten\/","url_meta":{"origin":1885,"position":0},"title":"Das sind meine wichtigsten Social-Media-Plattformen","author":"J\u00fcrgen Kroder","date":"28. Mai 2021","format":false,"excerpt":"Weniger ist mehr: Deshalb bin ich auf nur zwei Social Networks richtig aktiv. Und so findest auch du deine Favoriten. Der Grund f\u00fcr diesen Blogbeitrag Ronny von Blog-als-Nebenjob.de rief Ende Mai zu einer neuen Blogparade auf. In dieser sollen alle Teilnehmer ihre wichtigste(n) Social-Media-Plattform(en) k\u00fcren. Gerne mache ich hier mit.\u2026","rel":"","context":"In &quot;Marketing&quot;","block_context":{"text":"Marketing","link":"https:\/\/juergenkroder.com\/journalismus\/category\/marketing\/"},"img":{"alt_text":"Social Media Kan\u00e4le (Bild: Pixabay)","src":"https:\/\/i0.wp.com\/juergenkroder.com\/journalismus\/wp-content\/uploads\/2021\/05\/social-media-kanaele.jpg?resize=350%2C200&ssl=1","width":350,"height":200,"srcset":"https:\/\/i0.wp.com\/juergenkroder.com\/journalismus\/wp-content\/uploads\/2021\/05\/social-media-kanaele.jpg?resize=350%2C200&ssl=1 1x, https:\/\/i0.wp.com\/juergenkroder.com\/journalismus\/wp-content\/uploads\/2021\/05\/social-media-kanaele.jpg?resize=525%2C300&ssl=1 1.5x, https:\/\/i0.wp.com\/juergenkroder.com\/journalismus\/wp-content\/uploads\/2021\/05\/social-media-kanaele.jpg?resize=700%2C400&ssl=1 2x"},"classes":[]},{"id":1282,"url":"https:\/\/juergenkroder.com\/journalismus\/usp-marketing-podcast-social-media-strategie\/","url_meta":{"origin":1885,"position":1},"title":"Social Media ohne Strategie: Warum verbrennt ihr so euer Geld?","author":"J\u00fcrgen Kroder","date":"15. November 2020","format":false,"excerpt":"Planloses Posten auf Facebook, Twitter, Instagram und Co. bringt nichts. Es ist an der Zeit, das Thema Social Media richtig anzugehen! Jeder braucht einen Plan \u2013 auch auf Facebook Die Corona-Krise zwingt viele zum Umdenken. Ein Aspekt: Unser Leben wird digitaler. Endlich, wie ich finde. Nun ist der richtige Zeitpunkt,\u2026","rel":"","context":"In &quot;Marketing&quot;","block_context":{"text":"Marketing","link":"https:\/\/juergenkroder.com\/journalismus\/category\/marketing\/"},"img":{"alt_text":"Social Media Strategie im USP Marketing Podcast","src":"https:\/\/i0.wp.com\/juergenkroder.com\/journalismus\/wp-content\/uploads\/2020\/06\/usp-podcast-teaser-folge-07.jpg?resize=350%2C200&ssl=1","width":350,"height":200,"srcset":"https:\/\/i0.wp.com\/juergenkroder.com\/journalismus\/wp-content\/uploads\/2020\/06\/usp-podcast-teaser-folge-07.jpg?resize=350%2C200&ssl=1 1x, https:\/\/i0.wp.com\/juergenkroder.com\/journalismus\/wp-content\/uploads\/2020\/06\/usp-podcast-teaser-folge-07.jpg?resize=525%2C300&ssl=1 1.5x, https:\/\/i0.wp.com\/juergenkroder.com\/journalismus\/wp-content\/uploads\/2020\/06\/usp-podcast-teaser-folge-07.jpg?resize=700%2C400&ssl=1 2x"},"classes":[]},{"id":600,"url":"https:\/\/juergenkroder.com\/journalismus\/social-media-ohne-strategie\/","url_meta":{"origin":1885,"position":2},"title":"Darum m\u00fcssen Unternehmen nicht bei Facebook, Instagram, Youtube &#038; Co. sein","author":"J\u00fcrgen Kroder","date":"7. April 2025","format":false,"excerpt":"Soziale Netzwerke geh\u00f6ren zu unserem Leben dazu, ohne geht es kaum noch. Trotzdem sollten sich Unternehmen nicht voller Eifer darauf st\u00fcrzen.\u00a0 Jedes Unternehmen MUSS auf Facebook sein - oder? Diese Aussage habe ich in den letzten Jahren schon mehrfach von meinen Kunden geh\u00f6rt: \u201cWir brauchen einen Account bei Facebook! Und\u2026","rel":"","context":"In &quot;Marketing&quot;","block_context":{"text":"Marketing","link":"https:\/\/juergenkroder.com\/journalismus\/category\/marketing\/"},"img":{"alt_text":"Social Networks (Bild: Pixabay)","src":"https:\/\/i0.wp.com\/juergenkroder.com\/journalismus\/wp-content\/uploads\/2020\/02\/social-networks-strategie.jpg?resize=350%2C200&ssl=1","width":350,"height":200,"srcset":"https:\/\/i0.wp.com\/juergenkroder.com\/journalismus\/wp-content\/uploads\/2020\/02\/social-networks-strategie.jpg?resize=350%2C200&ssl=1 1x, https:\/\/i0.wp.com\/juergenkroder.com\/journalismus\/wp-content\/uploads\/2020\/02\/social-networks-strategie.jpg?resize=525%2C300&ssl=1 1.5x, https:\/\/i0.wp.com\/juergenkroder.com\/journalismus\/wp-content\/uploads\/2020\/02\/social-networks-strategie.jpg?resize=700%2C400&ssl=1 2x"},"classes":[]},{"id":2285,"url":"https:\/\/juergenkroder.com\/journalismus\/die-wichtigste-frage-im-marketing\/","url_meta":{"origin":1885,"position":3},"title":"Die wichtigste Frage im Marketing lautet \u2026 wie ?","author":"J\u00fcrgen Kroder","date":"4. April 2021","format":false,"excerpt":"Mit einer gro\u00dfen Frage vermeidest du, dass du mit deinen Marketing-Ma\u00dfnahmen unn\u00f6tig Zeit verplemperst und Geld verbrennst.\u00a0 Die gro\u00dfe NICHT-Frage Zugegeben, wenn du im Marketing t\u00e4tig bist, gibt es viele wichtige Fragen. Zum Beispiel: Wer ist meine Zielgruppe? Was m\u00f6chten meine (potentiellen) Kunden? Wie hoch ist mein Budget? Was will\u2026","rel":"","context":"In &quot;Marketing&quot;","block_context":{"text":"Marketing","link":"https:\/\/juergenkroder.com\/journalismus\/category\/marketing\/"},"img":{"alt_text":"","src":"https:\/\/i0.wp.com\/juergenkroder.com\/journalismus\/wp-content\/uploads\/2021\/04\/marketing-frage.jpg?resize=350%2C200&ssl=1","width":350,"height":200,"srcset":"https:\/\/i0.wp.com\/juergenkroder.com\/journalismus\/wp-content\/uploads\/2021\/04\/marketing-frage.jpg?resize=350%2C200&ssl=1 1x, https:\/\/i0.wp.com\/juergenkroder.com\/journalismus\/wp-content\/uploads\/2021\/04\/marketing-frage.jpg?resize=525%2C300&ssl=1 1.5x, https:\/\/i0.wp.com\/juergenkroder.com\/journalismus\/wp-content\/uploads\/2021\/04\/marketing-frage.jpg?resize=700%2C400&ssl=1 2x"},"classes":[]},{"id":895,"url":"https:\/\/juergenkroder.com\/journalismus\/wie-das-marketing-zum-digitalisierungs-booster-wird\/","url_meta":{"origin":1885,"position":4},"title":"Wie das Marketing zum Digitalisierungs-Booster wird","author":"J\u00fcrgen Kroder","date":"24. April 2021","format":false,"excerpt":"Nein, die Digitalisierung eines Unternehmens muss nicht von der IT-Abteilung aus gesteuert werden! Das Marketing kann das auch \u00fcbernehmen. So gelingt das. Hinweis: Den Inhalt dieses Blogbeitrags kannst du auch in ausf\u00fchrlicher Form in folgender Podcast-Folge anh\u00f6ren: Das Marketing als Treiber der Digitalen Transformation Wie schon in meinem Beitrag \u201cDeshalb\u2026","rel":"","context":"In &quot;Digitalisierung&quot;","block_context":{"text":"Digitalisierung","link":"https:\/\/juergenkroder.com\/journalismus\/category\/digitalisierung\/"},"img":{"alt_text":"Digitalisierung \u00fcber Marketing (Bild: Pixabay)","src":"https:\/\/i0.wp.com\/juergenkroder.com\/journalismus\/wp-content\/uploads\/2022\/04\/digitalisierung-ueber-marketing.jpg?resize=350%2C200&ssl=1","width":350,"height":200,"srcset":"https:\/\/i0.wp.com\/juergenkroder.com\/journalismus\/wp-content\/uploads\/2022\/04\/digitalisierung-ueber-marketing.jpg?resize=350%2C200&ssl=1 1x, https:\/\/i0.wp.com\/juergenkroder.com\/journalismus\/wp-content\/uploads\/2022\/04\/digitalisierung-ueber-marketing.jpg?resize=525%2C300&ssl=1 1.5x, https:\/\/i0.wp.com\/juergenkroder.com\/journalismus\/wp-content\/uploads\/2022\/04\/digitalisierung-ueber-marketing.jpg?resize=700%2C400&ssl=1 2x"},"classes":[]},{"id":1416,"url":"https:\/\/juergenkroder.com\/journalismus\/personal-branding-personenmarke-aufbauen-podcast\/","url_meta":{"origin":1885,"position":5},"title":"Was ist beim Aufbau einer Personenmarke wichtig?","author":"J\u00fcrgen Kroder","date":"10. August 2020","format":false,"excerpt":"\u201cNicht nur \u00fcber Business reden, sondern Mensch sein\u201d: Das ist eine von vielen tollen Ma\u00dfnahmen beim Aufbau einer Personenmarke.\u00a0 Menschen kaufen von Menschen Als Selbstst\u00e4ndiger hat man unter anderem die gro\u00dfe Herausforderung, sich und sein Business zu vermarkten. Ein sehr guter Weg ist das sogenannte Personal Branding: Man versucht, selbst\u2026","rel":"","context":"In &quot;Marketing&quot;","block_context":{"text":"Marketing","link":"https:\/\/juergenkroder.com\/journalismus\/category\/marketing\/"},"img":{"alt_text":"","src":"https:\/\/i0.wp.com\/juergenkroder.com\/journalismus\/wp-content\/uploads\/2020\/08\/blogteaser-usp-podcast-11.jpg?resize=350%2C200&ssl=1","width":350,"height":200,"srcset":"https:\/\/i0.wp.com\/juergenkroder.com\/journalismus\/wp-content\/uploads\/2020\/08\/blogteaser-usp-podcast-11.jpg?resize=350%2C200&ssl=1 1x, https:\/\/i0.wp.com\/juergenkroder.com\/journalismus\/wp-content\/uploads\/2020\/08\/blogteaser-usp-podcast-11.jpg?resize=525%2C300&ssl=1 1.5x, https:\/\/i0.wp.com\/juergenkroder.com\/journalismus\/wp-content\/uploads\/2020\/08\/blogteaser-usp-podcast-11.jpg?resize=700%2C400&ssl=1 2x"},"classes":[]}],"jetpack_sharing_enabled":true,"_links":{"self":[{"href":"https:\/\/juergenkroder.com\/journalismus\/wp-json\/wp\/v2\/posts\/1885","targetHints":{"allow":["GET"]}}],"collection":[{"href":"https:\/\/juergenkroder.com\/journalismus\/wp-json\/wp\/v2\/posts"}],"about":[{"href":"https:\/\/juergenkroder.com\/journalismus\/wp-json\/wp\/v2\/types\/post"}],"author":[{"embeddable":true,"href":"https:\/\/juergenkroder.com\/journalismus\/wp-json\/wp\/v2\/users\/2"}],"replies":[{"embeddable":true,"href":"https:\/\/juergenkroder.com\/journalismus\/wp-json\/wp\/v2\/comments?post=1885"}],"version-history":[{"count":7,"href":"https:\/\/juergenkroder.com\/journalismus\/wp-json\/wp\/v2\/posts\/1885\/revisions"}],"predecessor-version":[{"id":5851,"href":"https:\/\/juergenkroder.com\/journalismus\/wp-json\/wp\/v2\/posts\/1885\/revisions\/5851"}],"wp:attachment":[{"href":"https:\/\/juergenkroder.com\/journalismus\/wp-json\/wp\/v2\/media?parent=1885"}],"wp:term":[{"taxonomy":"category","embeddable":true,"href":"https:\/\/juergenkroder.com\/journalismus\/wp-json\/wp\/v2\/categories?post=1885"},{"taxonomy":"post_tag","embeddable":true,"href":"https:\/\/juergenkroder.com\/journalismus\/wp-json\/wp\/v2\/tags?post=1885"}],"curies":[{"name":"wp","href":"https:\/\/api.w.org\/{rel}","templated":true}]}}