{"id":2405,"date":"2021-05-28T09:08:23","date_gmt":"2021-05-28T07:08:23","guid":{"rendered":"https:\/\/juergenkroder.com\/journalismus\/?p=2405"},"modified":"2025-02-18T12:15:47","modified_gmt":"2025-02-18T11:15:47","slug":"social-media-kanaele-favoriten","status":"publish","type":"post","link":"https:\/\/juergenkroder.com\/journalismus\/social-media-kanaele-favoriten\/","title":{"rendered":"Das sind meine wichtigsten Social-Media-Plattformen"},"content":{"rendered":"<p><img loading=\"lazy\" decoding=\"async\" class=\"size-full wp-image-1016\" src=\"https:\/\/juergenkroder.com\/journalismus\/wp-content\/uploads\/2021\/05\/social-media-kanaele.jpg\" alt=\"Social Media Kan\u00e4le (Bild: Pixabay)\" width=\"900\" height=\"400\" \/><\/p>\n<p><strong>Weniger ist mehr: Deshalb bin ich auf nur zwei Social Networks richtig aktiv. Und so findest auch du deine Favoriten.<\/strong><\/p>\n<p><!--more--><\/p>\n<h2>Der Grund f\u00fcr diesen Blogbeitrag<\/h2>\n<p>Ronny von Blog-als-Nebenjob.de <a href=\"https:\/\/www.blog-als-nebenjob.de\/8893\/die-wichtigsten-social-media-plattformen\/\" target=\"_blank\" rel=\"noopener\">rief Ende Mai zu einer neuen Blogparade auf<\/a>. In dieser sollen alle Teilnehmer ihre wichtigste(n) Social-Media-Plattform(en) k\u00fcren. Gerne mache ich hier mit.<\/p>\n<p>Also: let\u2019s go!<\/p>\n<h2>Meine Lieblings-Netzwerke sind \u2026<\/h2>\n<p>&#8230; ganz eindeutig:<\/p>\n<ul>\n<li aria-level=\"1\">Platz 1: Twitter<\/li>\n<li aria-level=\"1\">Platz 2: LinkedIn<\/li>\n<\/ul>\n<p>Dahinter kommt lange nichts. F\u00fcr den einen oder anderen Gesch\u00e4ftskunden bin ich mal auf Facebook unterwegs. Und f\u00fcr meine Hobby-Projekte tummle ich mich noch ein wenig auf Instagram &#8211; das war\u2019s.<\/p>\n<p>Snapchat, TikTok, Clubhouse, Youtube, Pinterest und wie all die anderen sozialen Netzwerke auch hei\u00dfen m\u00f6gen \u2026 mich interessieren sie nicht.<\/p>\n<h2>Weshalb ich \u201cInsta\u201d &amp; Co. beruflich nicht nutze<\/h2>\n<p>Bevor ich mich ganz klar f\u00fcr Twitter und LinkedIn entschied, schaute ich mir mehrere Netzwerke an (<a href=\"https:\/\/juergenkroder.com\/journalismus\/vz-net-lohnt-sich-der-studivz-nachfolger-fuers-marketing\/\" target=\"_blank\" rel=\"noopener\">zum Beispiel VZ.net<\/a>) und experimentierte damit.<\/p>\n<p>Danach traf ich eine Auswahl, die auf folgenden Kriterien basierte:<\/p>\n<ol>\n<li aria-level=\"1\">Passt das Netzwerk zu meiner Zielgruppe? Erreiche ich hier meine (potentiellen) Kunden?<\/li>\n<li aria-level=\"1\">Wie \u201ctickt\u201d das Social Network? Gibt es spannende Inhalte und einen regen Austausch?<\/li>\n<li aria-level=\"1\">Gef\u00e4llt mir die Plattform? Ist sie mir sympathisch?<\/li>\n<li aria-level=\"1\">Wie zeitaufw\u00e4ndig ist die Produktion der Inhalte? Kann ich die Umsetzung langfristig stemmen?<\/li>\n<\/ol>\n<p>Basierend darauf sind ein paar soziale Netzwerke gleich durchs Raster gefallen:<\/p>\n<ul>\n<li aria-level=\"1\">Instagram und Pinterest: Ich habe kaum zeigenswerte Motive, also machen Bild-\/Foto-Plattformen keinen Sinn.<\/li>\n<li aria-level=\"1\">Xing: Fand ich fr\u00fcher super, doch mittlerweile ist dort nichts mehr los.<\/li>\n<li aria-level=\"1\">Clubhouse: Zum einen mochte ich den Mega-Hype nicht, zum anderen sind meiner Meinung nach Podcasts langlebiger als ein spontanes \u201cGequatsche\u201d.<\/li>\n<li aria-level=\"1\">Facebook wurde mir \u00fcber die Jahre extrem unsympathisch, dort f\u00fchle ich mich nicht mehr wohl.<\/li>\n<li aria-level=\"1\">TikTok und Snapchat machen f\u00fcr meine Zielgruppen keinen Sinn.<\/li>\n<li aria-level=\"1\">Youtube: Bewegtbild ist mir zu zeitaufwendig.<\/li>\n<\/ul>\n<h2>Weshalb ich auf Twitter und LinkedIn setze<\/h2>\n<p>Die beiden Netzwerke bieten ein paar Vorteile, die ich sehr zu sch\u00e4tzen wei\u00df:<\/p>\n<p><strong>Twitter<\/strong><\/p>\n<ul>\n<li aria-level=\"1\">Die Beschr\u00e4nkung auf 280 Zeichen pro Post sorgt daf\u00fcr, dass man weniger labert und daf\u00fcr auf den Punkt kommt.<\/li>\n<li aria-level=\"1\">Meine Zielgruppe und meine Filter Bubble sind auf Twitter unterwegs.<\/li>\n<li aria-level=\"1\">Der Algorithmus, der die Inhalte sortiert, l\u00e4sst sich leicht dauerhaft abschalten.<\/li>\n<li aria-level=\"1\">Es gab bislang sehr wenige Datenschutz-Pannen. Und Twitter gilt nicht als Datenkrake.<\/li>\n<\/ul>\n<p><strong>LinkedIn<\/strong><\/p>\n<ul>\n<li aria-level=\"1\">Es ist <em>die<\/em> Business-Plattform Nr. 1 &#8211; und das weltweit.<\/li>\n<li aria-level=\"1\">Meine Zielkunden sind hier gr\u00f6\u00dftenteils zu finden.<\/li>\n<li aria-level=\"1\">Die Posts meines Netzwerkes drehen sich zu 95% nur um Business-Themen.<\/li>\n<li aria-level=\"1\">Kurze Beitr\u00e4ge, lange Texte, Bilder, Videos &#8211; LinkedIn lebt von seiner Vielf\u00e4ltigkeit.<\/li>\n<li aria-level=\"1\">Im Gegensatz zu Xing hat LinkedIn eine rege Community.<\/li>\n<li aria-level=\"1\">LinkedIn w\u00e4chst rasant. Es gibt also noch viel Potential nach oben.<\/li>\n<\/ul>\n<h2>Darum tanze ich nicht auf mehr Hochzeiten<\/h2>\n<p>Mit Twitter und LinkedIn habe ich die derzeit &#8211; f\u00fcr mich &#8211; besten sozialen Netzwerke gefunden. Mehr brauche ich nicht. Und mehr kann ich auch nicht bedienen.<\/p>\n<p>Viele Selbstst\u00e4ndige und Unternehmen machen gerne einen Fehler: Sie melden sich auf unz\u00e4hligen Social Networks an und starten da voller Eifer durch. Doch nach ein paar Monaten ist der Elan dahin geflossen und die Accounts verwaisen.<\/p>\n<p>Das bringt nichts! Das ist nur vergeudete Zeit und verbranntes Geld.<\/p>\n<h2>Aber Facebook! Und Instagram! Und TikTok!<\/h2>\n<p>W\u00e4re es nicht sinnvoller, doch auf Facebook oder Instagram zu sein? Vielleicht.<\/p>\n<p>Wie schon in meinem Beitrag \u201c<a href=\"https:\/\/juergenkroder.com\/journalismus\/social-media-ohne-strategie\/\" target=\"_blank\" rel=\"noopener\">Darum m\u00fcssen Unternehmen nicht bei Facebook, Instagram, Youube &amp; Co. sein<\/a>\u201d beschrieben, halte ich nichts von pauschalen Ansagen. Am Ende geht es darum, seine zwei bis drei Favoriten zu finden. Und seine eigenen Kriterien anzusetzen.<\/p>\n<p>Zum Beispiel mag ich Facebook nicht. Da ist es mir egal, wie viel Potential das bietet. Wenn ich mich auf Facebook unwohl f\u00fchle, kann ich daf\u00fcr keinen guten Content produzieren. Halbgare, lieblose Inhalte bringen keinem etwas. Also: lieber lassen!<\/p>\n<p>Dazu kommt noch der wichtigste Punkt von allen: Zeit. Wir alle haben nur ein begrenztes \u201cZeitbudget\u201d, das wir f\u00fcr die Aktivit\u00e4ten auf sozialen Netzwerken verbrauchen k\u00f6nnen.<\/p>\n<p>TikTok, Instagram und Youtube sind echte Zeitfresser. Wenn man hier richtig durchstarten will, muss man viele, viele, viele Stunden in die Erstellung toller Inhalte, die Verbreitung und die Vernetzung mit Gleichgesinnten stecken.<\/p>\n<p>Diese Zeit fehlt dann bei anderen sozialen Netzwerken. Oder ich m\u00fcsste mehr Zeit f\u00fcr meine Social-Media-Aktivit\u00e4ten einplanen, was zu Lasten meiner Arbeitszeit (der Zeit, mit der ich Geld f\u00fcr meinen Lebensunterhalt verdiene) oder meiner Freizeit (der Zeit, in der ich mich von der Arbeit erhole) geht. Will ich das? Nein.<\/p>\n<h2>Was ist das beste soziale Netzwerk?<\/h2>\n<p>Das muss jeder f\u00fcr sich selbst beantworten. Lege dir deinen pers\u00f6nlichen Kriterienkatalog zu. Und gleiche die Kriterien mit deiner Marketing-Strategie ab! Social Media und Marketing geh\u00f6ren zusammen, deswegen muss es hier eine Deckungsgleichheit geben.<\/p>\n<p>Bedenke auch, dass soziale Netzwerke \u2026<\/p>\n<ul>\n<li aria-level=\"1\">&#8230; sich nicht f\u00fcr &#8222;Ich mach das mal kurz f\u00fcr ein paar Wochen&#8220;-Aktionen lohnen. Hier geht es um einen Dauerlauf, nicht um einen Sprint.<\/li>\n<li aria-level=\"1\">&#8230; von den sozialen Interaktionen leben (deshalb hei\u00dfen sie <em>Social<\/em> Networks). Sind sind kein Ego-PR-Kanal, indem du einfach nur deine Inhalte raushaust. Vielmehr steht der Austausch mit anderen Menschen im Vordergrund.<\/li>\n<li aria-level=\"1\">&#8230; ihre Eigenarten haben, die sich ver\u00e4ndern. Zum Beispiel solltest du f\u00fcr dich herausfinden, <a href=\"https:\/\/juergenkroder.com\/journalismus\/ups-podcast-beste-social-media-zeiten\/\" target=\"_blank\" rel=\"noopener\">wann der beste Zeitpunkt f\u00fcrs Posten ist<\/a>.<\/li>\n<\/ul>\n<p><strong>Kurz: Auf Twitter, LinkedIn, Facebook und Konsorten zu sein, ist Arbeit! Arbeit, die Zeit, Energie und Hirnschmalz braucht.<\/strong><\/p>\n<p>&nbsp;<\/p>\n","protected":false},"excerpt":{"rendered":"<p>Weniger ist mehr: Deshalb bin ich auf nur zwei Social Networks richtig aktiv. Und so findest auch du deine Favoriten.<\/p>\n","protected":false},"author":2,"featured_media":0,"comment_status":"open","ping_status":"open","sticky":false,"template":"","format":"standard","meta":{"_jetpack_memberships_contains_paid_content":false,"footnotes":"","_links_to":"","_links_to_target":""},"categories":[29],"tags":[12,128,149,106,129],"class_list":["post-2405","post","type-post","status-publish","format-standard","hentry","category-marketing","tag-blog","tag-facebook","tag-linkedin","tag-social-media","tag-twitter","no-thumbnail"],"yoast_head":"<!-- This site is optimized with the Yoast SEO plugin v27.5 - https:\/\/yoast.com\/product\/yoast-seo-wordpress\/ -->\n<title>Das sind meine wichtigsten Social-Media-Plattformen - [ J\u00dcRGEN KRODER ]<\/title>\n<meta name=\"description\" content=\"Weniger ist mehr: Deshalb bin ich nur auf zwei Social Networks richtig aktiv. Und so findest auch du deine Favoriten.\" \/>\n<meta name=\"robots\" content=\"index, follow, max-snippet:-1, max-image-preview:large, max-video-preview:-1\" \/>\n<link rel=\"canonical\" href=\"https:\/\/juergenkroder.com\/journalismus\/social-media-kanaele-favoriten\/\" \/>\n<meta property=\"og:locale\" content=\"de_DE\" \/>\n<meta property=\"og:type\" content=\"article\" \/>\n<meta property=\"og:title\" content=\"Das sind meine wichtigsten Social-Media-Plattformen - [ J\u00dcRGEN KRODER ]\" \/>\n<meta property=\"og:description\" content=\"Weniger ist mehr: Deshalb bin ich nur auf zwei Social Networks richtig aktiv. Und so findest auch du deine Favoriten.\" \/>\n<meta property=\"og:url\" content=\"https:\/\/juergenkroder.com\/journalismus\/social-media-kanaele-favoriten\/\" \/>\n<meta property=\"og:site_name\" content=\"[ J\u00dcRGEN KRODER ]\" \/>\n<meta property=\"article:published_time\" content=\"2021-05-28T07:08:23+00:00\" \/>\n<meta property=\"article:modified_time\" content=\"2025-02-18T11:15:47+00:00\" \/>\n<meta property=\"og:image\" content=\"https:\/\/juergenkroder.com\/journalismus\/wp-content\/uploads\/2020\/04\/marketing-timing.jpg\" \/>\n\t<meta property=\"og:image:width\" content=\"900\" \/>\n\t<meta property=\"og:image:height\" content=\"400\" \/>\n\t<meta property=\"og:image:type\" content=\"image\/jpeg\" \/>\n<meta name=\"author\" content=\"J\u00fcrgen Kroder\" \/>\n<meta name=\"twitter:card\" content=\"summary_large_image\" \/>\n<meta name=\"twitter:creator\" content=\"@juergenkroder\" \/>\n<meta name=\"twitter:label1\" content=\"Verfasst von\" \/>\n\t<meta name=\"twitter:data1\" content=\"J\u00fcrgen Kroder\" \/>\n\t<meta name=\"twitter:label2\" content=\"Gesch\u00e4tzte Lesezeit\" \/>\n\t<meta name=\"twitter:data2\" content=\"5\u00a0Minuten\" \/>\n<script type=\"application\/ld+json\" class=\"yoast-schema-graph\">{\"@context\":\"https:\\\/\\\/schema.org\",\"@graph\":[{\"@type\":\"Article\",\"@id\":\"https:\\\/\\\/juergenkroder.com\\\/journalismus\\\/social-media-kanaele-favoriten\\\/#article\",\"isPartOf\":{\"@id\":\"https:\\\/\\\/juergenkroder.com\\\/journalismus\\\/social-media-kanaele-favoriten\\\/\"},\"author\":{\"name\":\"J\u00fcrgen Kroder\",\"@id\":\"https:\\\/\\\/juergenkroder.com\\\/journalismus\\\/#\\\/schema\\\/person\\\/28235210f16871bd79a64369c9141d5d\"},\"headline\":\"Das sind meine wichtigsten Social-Media-Plattformen\",\"datePublished\":\"2021-05-28T07:08:23+00:00\",\"dateModified\":\"2025-02-18T11:15:47+00:00\",\"mainEntityOfPage\":{\"@id\":\"https:\\\/\\\/juergenkroder.com\\\/journalismus\\\/social-media-kanaele-favoriten\\\/\"},\"wordCount\":896,\"commentCount\":1,\"image\":{\"@id\":\"https:\\\/\\\/juergenkroder.com\\\/journalismus\\\/social-media-kanaele-favoriten\\\/#primaryimage\"},\"thumbnailUrl\":\"https:\\\/\\\/juergenkroder.com\\\/journalismus\\\/wp-content\\\/uploads\\\/2021\\\/05\\\/social-media-kanaele.jpg\",\"keywords\":[\"Blog\",\"Facebook\",\"LinkedIn\",\"Social Media\",\"Twitter\"],\"articleSection\":[\"Marketing\"],\"inLanguage\":\"de\",\"potentialAction\":[{\"@type\":\"CommentAction\",\"name\":\"Comment\",\"target\":[\"https:\\\/\\\/juergenkroder.com\\\/journalismus\\\/social-media-kanaele-favoriten\\\/#respond\"]}]},{\"@type\":\"WebPage\",\"@id\":\"https:\\\/\\\/juergenkroder.com\\\/journalismus\\\/social-media-kanaele-favoriten\\\/\",\"url\":\"https:\\\/\\\/juergenkroder.com\\\/journalismus\\\/social-media-kanaele-favoriten\\\/\",\"name\":\"Das sind meine wichtigsten Social-Media-Plattformen - [ J\u00dcRGEN KRODER ]\",\"isPartOf\":{\"@id\":\"https:\\\/\\\/juergenkroder.com\\\/journalismus\\\/#website\"},\"primaryImageOfPage\":{\"@id\":\"https:\\\/\\\/juergenkroder.com\\\/journalismus\\\/social-media-kanaele-favoriten\\\/#primaryimage\"},\"image\":{\"@id\":\"https:\\\/\\\/juergenkroder.com\\\/journalismus\\\/social-media-kanaele-favoriten\\\/#primaryimage\"},\"thumbnailUrl\":\"https:\\\/\\\/juergenkroder.com\\\/journalismus\\\/wp-content\\\/uploads\\\/2021\\\/05\\\/social-media-kanaele.jpg\",\"datePublished\":\"2021-05-28T07:08:23+00:00\",\"dateModified\":\"2025-02-18T11:15:47+00:00\",\"author\":{\"@id\":\"https:\\\/\\\/juergenkroder.com\\\/journalismus\\\/#\\\/schema\\\/person\\\/28235210f16871bd79a64369c9141d5d\"},\"description\":\"Weniger ist mehr: Deshalb bin ich nur auf zwei Social Networks richtig aktiv. Und so findest auch du deine Favoriten.\",\"breadcrumb\":{\"@id\":\"https:\\\/\\\/juergenkroder.com\\\/journalismus\\\/social-media-kanaele-favoriten\\\/#breadcrumb\"},\"inLanguage\":\"de\",\"potentialAction\":[{\"@type\":\"ReadAction\",\"target\":[\"https:\\\/\\\/juergenkroder.com\\\/journalismus\\\/social-media-kanaele-favoriten\\\/\"]}]},{\"@type\":\"ImageObject\",\"inLanguage\":\"de\",\"@id\":\"https:\\\/\\\/juergenkroder.com\\\/journalismus\\\/social-media-kanaele-favoriten\\\/#primaryimage\",\"url\":\"https:\\\/\\\/juergenkroder.com\\\/journalismus\\\/wp-content\\\/uploads\\\/2021\\\/05\\\/social-media-kanaele.jpg\",\"contentUrl\":\"https:\\\/\\\/juergenkroder.com\\\/journalismus\\\/wp-content\\\/uploads\\\/2021\\\/05\\\/social-media-kanaele.jpg\",\"width\":900,\"height\":400,\"caption\":\"Social Media Kan\u00e4le (Bild: Pixabay)\"},{\"@type\":\"BreadcrumbList\",\"@id\":\"https:\\\/\\\/juergenkroder.com\\\/journalismus\\\/social-media-kanaele-favoriten\\\/#breadcrumb\",\"itemListElement\":[{\"@type\":\"ListItem\",\"position\":1,\"name\":\"Startseite\",\"item\":\"https:\\\/\\\/juergenkroder.com\\\/journalismus\\\/\"},{\"@type\":\"ListItem\",\"position\":2,\"name\":\"Das sind meine wichtigsten Social-Media-Plattformen\"}]},{\"@type\":\"WebSite\",\"@id\":\"https:\\\/\\\/juergenkroder.com\\\/journalismus\\\/#website\",\"url\":\"https:\\\/\\\/juergenkroder.com\\\/journalismus\\\/\",\"name\":\"[ J\u00dcRGEN KRODER ]\",\"description\":\"Ihr Texter, Fachautor &amp; Journalist f\u00fcr Digitalisierung, IT, KI, Tech, Start-ups und Marketing\",\"potentialAction\":[{\"@type\":\"SearchAction\",\"target\":{\"@type\":\"EntryPoint\",\"urlTemplate\":\"https:\\\/\\\/juergenkroder.com\\\/journalismus\\\/?s={search_term_string}\"},\"query-input\":{\"@type\":\"PropertyValueSpecification\",\"valueRequired\":true,\"valueName\":\"search_term_string\"}}],\"inLanguage\":\"de\"},{\"@type\":\"Person\",\"@id\":\"https:\\\/\\\/juergenkroder.com\\\/journalismus\\\/#\\\/schema\\\/person\\\/28235210f16871bd79a64369c9141d5d\",\"name\":\"J\u00fcrgen Kroder\",\"description\":\"Ich liebe Digitalisierung, KI, StartUps und Marketing. Deswegen schreibe ich als freier Fachautor f\u00fcr bekannte Publikationen \u00fcber diese Themengebiete. Und ich unterst\u00fctze als Marketing-Berater StartUps und mittelst\u00e4ndische Unternehmen bei ihrer Marketing-Strategie. Zudem arbeite ich noch als KI- und ChatGPT-Coach, um Anf\u00e4ngern den Einstieg zu erleichtern.\",\"sameAs\":[\"http:\\\/\\\/juergenkroder.com\\\/\",\"https:\\\/\\\/www.linkedin.com\\\/in\\\/jrgen-kroder-48272a51\\\/\",\"https:\\\/\\\/x.com\\\/juergenkroder\"],\"url\":\"https:\\\/\\\/juergenkroder.com\\\/journalismus\\\/author\\\/juergen\\\/\"}]}<\/script>\n<!-- \/ Yoast SEO plugin. -->","yoast_head_json":{"title":"Das sind meine wichtigsten Social-Media-Plattformen - [ J\u00dcRGEN KRODER ]","description":"Weniger ist mehr: Deshalb bin ich nur auf zwei Social Networks richtig aktiv. Und so findest auch du deine Favoriten.","robots":{"index":"index","follow":"follow","max-snippet":"max-snippet:-1","max-image-preview":"max-image-preview:large","max-video-preview":"max-video-preview:-1"},"canonical":"https:\/\/juergenkroder.com\/journalismus\/social-media-kanaele-favoriten\/","og_locale":"de_DE","og_type":"article","og_title":"Das sind meine wichtigsten Social-Media-Plattformen - [ J\u00dcRGEN KRODER ]","og_description":"Weniger ist mehr: Deshalb bin ich nur auf zwei Social Networks richtig aktiv. Und so findest auch du deine Favoriten.","og_url":"https:\/\/juergenkroder.com\/journalismus\/social-media-kanaele-favoriten\/","og_site_name":"[ J\u00dcRGEN KRODER ]","article_published_time":"2021-05-28T07:08:23+00:00","article_modified_time":"2025-02-18T11:15:47+00:00","og_image":[{"width":900,"height":400,"url":"https:\/\/juergenkroder.com\/journalismus\/wp-content\/uploads\/2020\/04\/marketing-timing.jpg","type":"image\/jpeg"}],"author":"J\u00fcrgen Kroder","twitter_card":"summary_large_image","twitter_creator":"@juergenkroder","twitter_misc":{"Verfasst von":"J\u00fcrgen Kroder","Gesch\u00e4tzte Lesezeit":"5\u00a0Minuten"},"schema":{"@context":"https:\/\/schema.org","@graph":[{"@type":"Article","@id":"https:\/\/juergenkroder.com\/journalismus\/social-media-kanaele-favoriten\/#article","isPartOf":{"@id":"https:\/\/juergenkroder.com\/journalismus\/social-media-kanaele-favoriten\/"},"author":{"name":"J\u00fcrgen Kroder","@id":"https:\/\/juergenkroder.com\/journalismus\/#\/schema\/person\/28235210f16871bd79a64369c9141d5d"},"headline":"Das sind meine wichtigsten Social-Media-Plattformen","datePublished":"2021-05-28T07:08:23+00:00","dateModified":"2025-02-18T11:15:47+00:00","mainEntityOfPage":{"@id":"https:\/\/juergenkroder.com\/journalismus\/social-media-kanaele-favoriten\/"},"wordCount":896,"commentCount":1,"image":{"@id":"https:\/\/juergenkroder.com\/journalismus\/social-media-kanaele-favoriten\/#primaryimage"},"thumbnailUrl":"https:\/\/juergenkroder.com\/journalismus\/wp-content\/uploads\/2021\/05\/social-media-kanaele.jpg","keywords":["Blog","Facebook","LinkedIn","Social Media","Twitter"],"articleSection":["Marketing"],"inLanguage":"de","potentialAction":[{"@type":"CommentAction","name":"Comment","target":["https:\/\/juergenkroder.com\/journalismus\/social-media-kanaele-favoriten\/#respond"]}]},{"@type":"WebPage","@id":"https:\/\/juergenkroder.com\/journalismus\/social-media-kanaele-favoriten\/","url":"https:\/\/juergenkroder.com\/journalismus\/social-media-kanaele-favoriten\/","name":"Das sind meine wichtigsten Social-Media-Plattformen - [ J\u00dcRGEN KRODER ]","isPartOf":{"@id":"https:\/\/juergenkroder.com\/journalismus\/#website"},"primaryImageOfPage":{"@id":"https:\/\/juergenkroder.com\/journalismus\/social-media-kanaele-favoriten\/#primaryimage"},"image":{"@id":"https:\/\/juergenkroder.com\/journalismus\/social-media-kanaele-favoriten\/#primaryimage"},"thumbnailUrl":"https:\/\/juergenkroder.com\/journalismus\/wp-content\/uploads\/2021\/05\/social-media-kanaele.jpg","datePublished":"2021-05-28T07:08:23+00:00","dateModified":"2025-02-18T11:15:47+00:00","author":{"@id":"https:\/\/juergenkroder.com\/journalismus\/#\/schema\/person\/28235210f16871bd79a64369c9141d5d"},"description":"Weniger ist mehr: Deshalb bin ich nur auf zwei Social Networks richtig aktiv. Und so findest auch du deine Favoriten.","breadcrumb":{"@id":"https:\/\/juergenkroder.com\/journalismus\/social-media-kanaele-favoriten\/#breadcrumb"},"inLanguage":"de","potentialAction":[{"@type":"ReadAction","target":["https:\/\/juergenkroder.com\/journalismus\/social-media-kanaele-favoriten\/"]}]},{"@type":"ImageObject","inLanguage":"de","@id":"https:\/\/juergenkroder.com\/journalismus\/social-media-kanaele-favoriten\/#primaryimage","url":"https:\/\/juergenkroder.com\/journalismus\/wp-content\/uploads\/2021\/05\/social-media-kanaele.jpg","contentUrl":"https:\/\/juergenkroder.com\/journalismus\/wp-content\/uploads\/2021\/05\/social-media-kanaele.jpg","width":900,"height":400,"caption":"Social Media Kan\u00e4le (Bild: Pixabay)"},{"@type":"BreadcrumbList","@id":"https:\/\/juergenkroder.com\/journalismus\/social-media-kanaele-favoriten\/#breadcrumb","itemListElement":[{"@type":"ListItem","position":1,"name":"Startseite","item":"https:\/\/juergenkroder.com\/journalismus\/"},{"@type":"ListItem","position":2,"name":"Das sind meine wichtigsten Social-Media-Plattformen"}]},{"@type":"WebSite","@id":"https:\/\/juergenkroder.com\/journalismus\/#website","url":"https:\/\/juergenkroder.com\/journalismus\/","name":"[ J\u00dcRGEN KRODER ]","description":"Ihr Texter, Fachautor &amp; Journalist f\u00fcr Digitalisierung, IT, KI, Tech, Start-ups und Marketing","potentialAction":[{"@type":"SearchAction","target":{"@type":"EntryPoint","urlTemplate":"https:\/\/juergenkroder.com\/journalismus\/?s={search_term_string}"},"query-input":{"@type":"PropertyValueSpecification","valueRequired":true,"valueName":"search_term_string"}}],"inLanguage":"de"},{"@type":"Person","@id":"https:\/\/juergenkroder.com\/journalismus\/#\/schema\/person\/28235210f16871bd79a64369c9141d5d","name":"J\u00fcrgen Kroder","description":"Ich liebe Digitalisierung, KI, StartUps und Marketing. Deswegen schreibe ich als freier Fachautor f\u00fcr bekannte Publikationen \u00fcber diese Themengebiete. Und ich unterst\u00fctze als Marketing-Berater StartUps und mittelst\u00e4ndische Unternehmen bei ihrer Marketing-Strategie. Zudem arbeite ich noch als KI- und ChatGPT-Coach, um Anf\u00e4ngern den Einstieg zu erleichtern.","sameAs":["http:\/\/juergenkroder.com\/","https:\/\/www.linkedin.com\/in\/jrgen-kroder-48272a51\/","https:\/\/x.com\/juergenkroder"],"url":"https:\/\/juergenkroder.com\/journalismus\/author\/juergen\/"}]}},"jetpack_featured_media_url":"","jetpack_shortlink":"https:\/\/wp.me\/pcqtTx-CN","jetpack-related-posts":[{"id":1885,"url":"https:\/\/juergenkroder.com\/journalismus\/ups-podcast-beste-social-media-zeiten\/","url_meta":{"origin":2405,"position":0},"title":"Wann ist der beste Zeitpunkt f\u00fcr Social-Media-Posts?","author":"J\u00fcrgen Kroder","date":"15. November 2020","format":false,"excerpt":"An welchen Tagen und zu welchen Uhrzeiten erreichst du die meisten Menschen auf Facebook & Co.? Eine wichtige Frage, auf die es mehrere Antworten gibt. Was sind die besten Zeiten f\u00fcr Social-Media-Beitr\u00e4ge? Morgens, mittags, abends, unter der Woche oder am Wochenende: Wann erreichen deine Posts auf Facebook, Instagram, Twitter, LinkedIn\u2026","rel":"","context":"In &quot;Marketing&quot;","block_context":{"text":"Marketing","link":"https:\/\/juergenkroder.com\/journalismus\/category\/marketing\/"},"img":{"alt_text":"Social Media Zeitplan (Bild: Blog2Social)","src":"https:\/\/i0.wp.com\/juergenkroder.com\/journalismus\/wp-content\/uploads\/2020\/11\/social-media-zeitplan.png?resize=350%2C200&ssl=1","width":350,"height":200,"srcset":"https:\/\/i0.wp.com\/juergenkroder.com\/journalismus\/wp-content\/uploads\/2020\/11\/social-media-zeitplan.png?resize=350%2C200&ssl=1 1x, https:\/\/i0.wp.com\/juergenkroder.com\/journalismus\/wp-content\/uploads\/2020\/11\/social-media-zeitplan.png?resize=525%2C300&ssl=1 1.5x, https:\/\/i0.wp.com\/juergenkroder.com\/journalismus\/wp-content\/uploads\/2020\/11\/social-media-zeitplan.png?resize=700%2C400&ssl=1 2x"},"classes":[]},{"id":1282,"url":"https:\/\/juergenkroder.com\/journalismus\/usp-marketing-podcast-social-media-strategie\/","url_meta":{"origin":2405,"position":1},"title":"Social Media ohne Strategie: Warum verbrennt ihr so euer Geld?","author":"J\u00fcrgen Kroder","date":"15. November 2020","format":false,"excerpt":"Planloses Posten auf Facebook, Twitter, Instagram und Co. bringt nichts. Es ist an der Zeit, das Thema Social Media richtig anzugehen! Jeder braucht einen Plan \u2013 auch auf Facebook Die Corona-Krise zwingt viele zum Umdenken. Ein Aspekt: Unser Leben wird digitaler. Endlich, wie ich finde. Nun ist der richtige Zeitpunkt,\u2026","rel":"","context":"In &quot;Marketing&quot;","block_context":{"text":"Marketing","link":"https:\/\/juergenkroder.com\/journalismus\/category\/marketing\/"},"img":{"alt_text":"Social Media Strategie im USP Marketing Podcast","src":"https:\/\/i0.wp.com\/juergenkroder.com\/journalismus\/wp-content\/uploads\/2020\/06\/usp-podcast-teaser-folge-07.jpg?resize=350%2C200&ssl=1","width":350,"height":200,"srcset":"https:\/\/i0.wp.com\/juergenkroder.com\/journalismus\/wp-content\/uploads\/2020\/06\/usp-podcast-teaser-folge-07.jpg?resize=350%2C200&ssl=1 1x, https:\/\/i0.wp.com\/juergenkroder.com\/journalismus\/wp-content\/uploads\/2020\/06\/usp-podcast-teaser-folge-07.jpg?resize=525%2C300&ssl=1 1.5x, https:\/\/i0.wp.com\/juergenkroder.com\/journalismus\/wp-content\/uploads\/2020\/06\/usp-podcast-teaser-folge-07.jpg?resize=700%2C400&ssl=1 2x"},"classes":[]},{"id":2285,"url":"https:\/\/juergenkroder.com\/journalismus\/die-wichtigste-frage-im-marketing\/","url_meta":{"origin":2405,"position":2},"title":"Die wichtigste Frage im Marketing lautet \u2026 wie ?","author":"J\u00fcrgen Kroder","date":"4. April 2021","format":false,"excerpt":"Mit einer gro\u00dfen Frage vermeidest du, dass du mit deinen Marketing-Ma\u00dfnahmen unn\u00f6tig Zeit verplemperst und Geld verbrennst.\u00a0 Die gro\u00dfe NICHT-Frage Zugegeben, wenn du im Marketing t\u00e4tig bist, gibt es viele wichtige Fragen. Zum Beispiel: Wer ist meine Zielgruppe? Was m\u00f6chten meine (potentiellen) Kunden? Wie hoch ist mein Budget? Was will\u2026","rel":"","context":"In &quot;Marketing&quot;","block_context":{"text":"Marketing","link":"https:\/\/juergenkroder.com\/journalismus\/category\/marketing\/"},"img":{"alt_text":"","src":"https:\/\/i0.wp.com\/juergenkroder.com\/journalismus\/wp-content\/uploads\/2021\/04\/marketing-frage.jpg?resize=350%2C200&ssl=1","width":350,"height":200,"srcset":"https:\/\/i0.wp.com\/juergenkroder.com\/journalismus\/wp-content\/uploads\/2021\/04\/marketing-frage.jpg?resize=350%2C200&ssl=1 1x, https:\/\/i0.wp.com\/juergenkroder.com\/journalismus\/wp-content\/uploads\/2021\/04\/marketing-frage.jpg?resize=525%2C300&ssl=1 1.5x, https:\/\/i0.wp.com\/juergenkroder.com\/journalismus\/wp-content\/uploads\/2021\/04\/marketing-frage.jpg?resize=700%2C400&ssl=1 2x"},"classes":[]},{"id":600,"url":"https:\/\/juergenkroder.com\/journalismus\/social-media-ohne-strategie\/","url_meta":{"origin":2405,"position":3},"title":"Darum m\u00fcssen Unternehmen nicht bei Facebook, Instagram, Youtube &#038; Co. sein","author":"J\u00fcrgen Kroder","date":"7. April 2025","format":false,"excerpt":"Soziale Netzwerke geh\u00f6ren zu unserem Leben dazu, ohne geht es kaum noch. Trotzdem sollten sich Unternehmen nicht voller Eifer darauf st\u00fcrzen.\u00a0 Jedes Unternehmen MUSS auf Facebook sein - oder? Diese Aussage habe ich in den letzten Jahren schon mehrfach von meinen Kunden geh\u00f6rt: \u201cWir brauchen einen Account bei Facebook! Und\u2026","rel":"","context":"In &quot;Marketing&quot;","block_context":{"text":"Marketing","link":"https:\/\/juergenkroder.com\/journalismus\/category\/marketing\/"},"img":{"alt_text":"Social Networks (Bild: Pixabay)","src":"https:\/\/i0.wp.com\/juergenkroder.com\/journalismus\/wp-content\/uploads\/2020\/02\/social-networks-strategie.jpg?resize=350%2C200&ssl=1","width":350,"height":200,"srcset":"https:\/\/i0.wp.com\/juergenkroder.com\/journalismus\/wp-content\/uploads\/2020\/02\/social-networks-strategie.jpg?resize=350%2C200&ssl=1 1x, https:\/\/i0.wp.com\/juergenkroder.com\/journalismus\/wp-content\/uploads\/2020\/02\/social-networks-strategie.jpg?resize=525%2C300&ssl=1 1.5x, https:\/\/i0.wp.com\/juergenkroder.com\/journalismus\/wp-content\/uploads\/2020\/02\/social-networks-strategie.jpg?resize=700%2C400&ssl=1 2x"},"classes":[]},{"id":1969,"url":"https:\/\/juergenkroder.com\/journalismus\/linkedin-funktion-sortieren\/","url_meta":{"origin":2405,"position":4},"title":"Klein, aber fein: Die wichtigste Funktion bei LinkedIn","author":"J\u00fcrgen Kroder","date":"19. Februar 2021","format":false,"excerpt":"Was ist deine wichtigste Funktion bei LinkedIn? F\u00fcr mich ist es das Sortieren-Dropdown auf der Startseite. Warum?\u00a0 Relevante Top-Beitr\u00e4ge oder alle Beitr\u00e4ge auf LinkedIn sehen? Kennst du die Sortieren-Funktion bei LinkedIn? Das kleine, unscheinbare Dropdown-Men\u00fc siehst du nur in der Web-Version von LinkedIn, nicht in der App. Die Funktion dient\u2026","rel":"","context":"In &quot;Marketing&quot;","block_context":{"text":"Marketing","link":"https:\/\/juergenkroder.com\/journalismus\/category\/marketing\/"},"img":{"alt_text":"","src":"https:\/\/i0.wp.com\/juergenkroder.com\/journalismus\/wp-content\/uploads\/2020\/12\/linkedin-sortieren.jpg?resize=350%2C200&ssl=1","width":350,"height":200,"srcset":"https:\/\/i0.wp.com\/juergenkroder.com\/journalismus\/wp-content\/uploads\/2020\/12\/linkedin-sortieren.jpg?resize=350%2C200&ssl=1 1x, https:\/\/i0.wp.com\/juergenkroder.com\/journalismus\/wp-content\/uploads\/2020\/12\/linkedin-sortieren.jpg?resize=525%2C300&ssl=1 1.5x"},"classes":[]},{"id":1416,"url":"https:\/\/juergenkroder.com\/journalismus\/personal-branding-personenmarke-aufbauen-podcast\/","url_meta":{"origin":2405,"position":5},"title":"Was ist beim Aufbau einer Personenmarke wichtig?","author":"J\u00fcrgen Kroder","date":"10. August 2020","format":false,"excerpt":"\u201cNicht nur \u00fcber Business reden, sondern Mensch sein\u201d: Das ist eine von vielen tollen Ma\u00dfnahmen beim Aufbau einer Personenmarke.\u00a0 Menschen kaufen von Menschen Als Selbstst\u00e4ndiger hat man unter anderem die gro\u00dfe Herausforderung, sich und sein Business zu vermarkten. Ein sehr guter Weg ist das sogenannte Personal Branding: Man versucht, selbst\u2026","rel":"","context":"In &quot;Marketing&quot;","block_context":{"text":"Marketing","link":"https:\/\/juergenkroder.com\/journalismus\/category\/marketing\/"},"img":{"alt_text":"","src":"https:\/\/i0.wp.com\/juergenkroder.com\/journalismus\/wp-content\/uploads\/2020\/08\/blogteaser-usp-podcast-11.jpg?resize=350%2C200&ssl=1","width":350,"height":200,"srcset":"https:\/\/i0.wp.com\/juergenkroder.com\/journalismus\/wp-content\/uploads\/2020\/08\/blogteaser-usp-podcast-11.jpg?resize=350%2C200&ssl=1 1x, https:\/\/i0.wp.com\/juergenkroder.com\/journalismus\/wp-content\/uploads\/2020\/08\/blogteaser-usp-podcast-11.jpg?resize=525%2C300&ssl=1 1.5x, https:\/\/i0.wp.com\/juergenkroder.com\/journalismus\/wp-content\/uploads\/2020\/08\/blogteaser-usp-podcast-11.jpg?resize=700%2C400&ssl=1 2x"},"classes":[]}],"jetpack_sharing_enabled":true,"_links":{"self":[{"href":"https:\/\/juergenkroder.com\/journalismus\/wp-json\/wp\/v2\/posts\/2405","targetHints":{"allow":["GET"]}}],"collection":[{"href":"https:\/\/juergenkroder.com\/journalismus\/wp-json\/wp\/v2\/posts"}],"about":[{"href":"https:\/\/juergenkroder.com\/journalismus\/wp-json\/wp\/v2\/types\/post"}],"author":[{"embeddable":true,"href":"https:\/\/juergenkroder.com\/journalismus\/wp-json\/wp\/v2\/users\/2"}],"replies":[{"embeddable":true,"href":"https:\/\/juergenkroder.com\/journalismus\/wp-json\/wp\/v2\/comments?post=2405"}],"version-history":[{"count":6,"href":"https:\/\/juergenkroder.com\/journalismus\/wp-json\/wp\/v2\/posts\/2405\/revisions"}],"predecessor-version":[{"id":5842,"href":"https:\/\/juergenkroder.com\/journalismus\/wp-json\/wp\/v2\/posts\/2405\/revisions\/5842"}],"wp:attachment":[{"href":"https:\/\/juergenkroder.com\/journalismus\/wp-json\/wp\/v2\/media?parent=2405"}],"wp:term":[{"taxonomy":"category","embeddable":true,"href":"https:\/\/juergenkroder.com\/journalismus\/wp-json\/wp\/v2\/categories?post=2405"},{"taxonomy":"post_tag","embeddable":true,"href":"https:\/\/juergenkroder.com\/journalismus\/wp-json\/wp\/v2\/tags?post=2405"}],"curies":[{"name":"wp","href":"https:\/\/api.w.org\/{rel}","templated":true}]}}