{"id":2526,"date":"2021-08-05T14:31:17","date_gmt":"2021-08-05T12:31:17","guid":{"rendered":"https:\/\/juergenkroder.com\/journalismus\/?p=2526"},"modified":"2025-02-18T12:14:46","modified_gmt":"2025-02-18T11:14:46","slug":"wetell-mobilfunk-startup","status":"publish","type":"post","link":"https:\/\/juergenkroder.com\/journalismus\/wetell-mobilfunk-startup\/","title":{"rendered":"Kann man Mobilfunk nachhaltig und fair gestalten?"},"content":{"rendered":"<p><img loading=\"lazy\" decoding=\"async\" class=\"size-full wp-image-1016\" src=\"https:\/\/juergenkroder.com\/journalismus\/wp-content\/uploads\/2021\/08\/usp-podcast-36-wetell-blog-teaser.jpg\" alt=\"\" width=\"700\" height=\"311\" \/><\/p>\n<p><strong>Die Antwort lautet: ja! Wie das geht, erkl\u00e4rt der Mitbegr\u00fcnder eines deutschen Mobilfunk-StartUps im Podcast.<\/strong><\/p>\n<p><!--more--><\/p>\n<h2>Gr\u00fcner Mobilfunk &#8211; gibt\u2019s das?<\/h2>\n<p>Aufs Autofahren verzichten, keine Flugreisen, weniger Fleisch essen, \u00d6ko-Strom beziehen: Wer umweltfreundlicher leben m\u00f6chte, hat zahlreiche M\u00f6glichkeiten. Die gerade genannten sind quasi Klassiker.<\/p>\n<p>Woran aber wahrscheinlich kaum einer denkt, ist der Wechsel des Mobilfunkanbieters. Stimmt\u2019s?<\/p>\n<p>Das k\u00f6nnte daran liegen, dass es bislang auch keinen Anbieter gab, der \u201cgr\u00fcn\u201d war. Das hat sich mit dem Start von WEtell ge\u00e4ndert.<\/p>\n<p><em><strong>Hinweis: Die Podcast-Folge ist nicht mehr verf\u00fcgbar!<\/strong><\/em><\/p>\n<h2>Wer ist WEtell?<\/h2>\n<p>Hinter dem Namen steckt ein junges Unternehmen aus Freiburg im Breisgau. Das setzt auf einen Mobilfunk, bei dem <span style=\"font-weight: 400;\">Klimaschutz, Datenschutz, Fairness und Transparenz im Fokus liegen.<\/span><\/p>\n<p>Ein durchweg sympathisches Konzept, wie ich finde!<\/p>\n<p>Doch wie k\u00f6nnen die Ziele erreicht werden? Wie kann eine kleine Firma, die keine eigenen Netze betreibt, ein nachhaltigen Mobilfunk-Tarife anbieten?<\/p>\n<p>Diese Fragen beantwortet Andreas Schmucker, Mitgr\u00fcnder von WEtell, in der 36. Folge des USP Marketing Podcasts.<\/p>\n<p>&nbsp;<\/p>\n<h2>\u00d6ko-Tarif versus Billiganbieter: Wie sieht die Vermarktung aus?<\/h2>\n<p>Theoretisch befindet sich WEtell mit seinen Alleinstellungsmerkmalen und seiner Positionierung in einem sogenannten <a href=\"https:\/\/startupwissen.biz\/was-bedeutet-blue-ocean-strategie\/\" target=\"_blank\" rel=\"noopener\">Blue Ocean<\/a> &#8211; einem neuen Marktsegment.<\/p>\n<p>Doch ringsherum kreisen gro\u00dfe und kleine Haie. Die Gro\u00dfen nennen sich Deutsche Telekom, Vodafone, Telefonica und Drillisch, die Kleinen sind die \u00fcber 100 Marken (wie Congstar, Aldi Talk, Fonic oder blau.de). Allesamt buhlen Sie um die Aufmerksamkeit und Gunst der Mobilfunk-Kunden.<\/p>\n<p>Welchen Marketing-Weg schl\u00e4gt WEtell ein, um Neukunden zu gewinnen? Welche Ma\u00dfnahmen laufen gut? Und welche erweisen sich als weniger geeignet, um der eigenen Marke treu zu bleiben? Auch darauf geht Andreas in unserem Gespr\u00e4ch ein.<\/p>\n<p>Kurzum: Dich erwartet wieder eine spannende, abwechslungsreiche und lehrreiche Podcast-Folge. Viel Spa\u00df beim Anh\u00f6ren und viel Erfolg beim Umsetzen der Tipps!<\/p>\n<p>&nbsp;<\/p>\n<p style=\"text-align: right;\">Bild: Freepik \/ Montage: J\u00fcrgen Kroder<\/p>\n","protected":false},"excerpt":{"rendered":"<p>Die Antwort lautet: ja! Wie das geht, erkl\u00e4rt der Mitbegr\u00fcnder eines deutschen Mobilfunk-StartUps im Podcast.<\/p>\n","protected":false},"author":2,"featured_media":0,"comment_status":"open","ping_status":"open","sticky":false,"template":"","format":"standard","meta":{"_jetpack_memberships_contains_paid_content":false,"footnotes":"","_links_to":"","_links_to_target":""},"categories":[29],"tags":[191,20,122],"class_list":["post-2526","post","type-post","status-publish","format-standard","hentry","category-marketing","tag-nachhaltigkeit","tag-smartphone","tag-usp-marketing-podcast","no-thumbnail"],"yoast_head":"<!-- This site is optimized with the Yoast SEO plugin v27.5 - https:\/\/yoast.com\/product\/yoast-seo-wordpress\/ -->\n<title>Kann man Mobilfunk nachhaltig und fair gestalten? - [ J\u00dcRGEN KRODER ]<\/title>\n<meta name=\"description\" content=\"Die Antwort lautet: ja! Wie das geht, erkl\u00e4rt der Mitbegr\u00fcnder eines deutschen Mobilfunk-StartUps im Podcast.\" \/>\n<meta name=\"robots\" content=\"index, follow, max-snippet:-1, max-image-preview:large, max-video-preview:-1\" \/>\n<link rel=\"canonical\" href=\"https:\/\/juergenkroder.com\/journalismus\/wetell-mobilfunk-startup\/\" \/>\n<meta property=\"og:locale\" content=\"de_DE\" \/>\n<meta property=\"og:type\" content=\"article\" \/>\n<meta property=\"og:title\" content=\"Kann man Mobilfunk nachhaltig und fair gestalten? - [ J\u00dcRGEN KRODER ]\" \/>\n<meta property=\"og:description\" content=\"Die Antwort lautet: ja! Wie das geht, erkl\u00e4rt der Mitbegr\u00fcnder eines deutschen Mobilfunk-StartUps im Podcast.\" \/>\n<meta property=\"og:url\" content=\"https:\/\/juergenkroder.com\/journalismus\/wetell-mobilfunk-startup\/\" \/>\n<meta property=\"og:site_name\" content=\"[ J\u00dcRGEN KRODER ]\" \/>\n<meta property=\"article:published_time\" content=\"2021-08-05T12:31:17+00:00\" \/>\n<meta property=\"article:modified_time\" content=\"2025-02-18T11:14:46+00:00\" \/>\n<meta property=\"og:image\" content=\"https:\/\/juergenkroder.com\/journalismus\/wp-content\/uploads\/2020\/04\/marketing-timing.jpg\" \/>\n\t<meta property=\"og:image:width\" content=\"900\" \/>\n\t<meta property=\"og:image:height\" content=\"400\" \/>\n\t<meta property=\"og:image:type\" content=\"image\/jpeg\" \/>\n<meta name=\"author\" content=\"J\u00fcrgen Kroder\" \/>\n<meta name=\"twitter:card\" content=\"summary_large_image\" \/>\n<meta name=\"twitter:creator\" content=\"@juergenkroder\" \/>\n<meta name=\"twitter:label1\" content=\"Verfasst von\" \/>\n\t<meta name=\"twitter:data1\" content=\"J\u00fcrgen Kroder\" \/>\n\t<meta name=\"twitter:label2\" content=\"Gesch\u00e4tzte Lesezeit\" \/>\n\t<meta name=\"twitter:data2\" content=\"2\u00a0Minuten\" \/>\n<script type=\"application\/ld+json\" class=\"yoast-schema-graph\">{\"@context\":\"https:\\\/\\\/schema.org\",\"@graph\":[{\"@type\":\"Article\",\"@id\":\"https:\\\/\\\/juergenkroder.com\\\/journalismus\\\/wetell-mobilfunk-startup\\\/#article\",\"isPartOf\":{\"@id\":\"https:\\\/\\\/juergenkroder.com\\\/journalismus\\\/wetell-mobilfunk-startup\\\/\"},\"author\":{\"name\":\"J\u00fcrgen Kroder\",\"@id\":\"https:\\\/\\\/juergenkroder.com\\\/journalismus\\\/#\\\/schema\\\/person\\\/28235210f16871bd79a64369c9141d5d\"},\"headline\":\"Kann man Mobilfunk nachhaltig und fair gestalten?\",\"datePublished\":\"2021-08-05T12:31:17+00:00\",\"dateModified\":\"2025-02-18T11:14:46+00:00\",\"mainEntityOfPage\":{\"@id\":\"https:\\\/\\\/juergenkroder.com\\\/journalismus\\\/wetell-mobilfunk-startup\\\/\"},\"wordCount\":315,\"commentCount\":0,\"image\":{\"@id\":\"https:\\\/\\\/juergenkroder.com\\\/journalismus\\\/wetell-mobilfunk-startup\\\/#primaryimage\"},\"thumbnailUrl\":\"https:\\\/\\\/juergenkroder.com\\\/journalismus\\\/wp-content\\\/uploads\\\/2021\\\/08\\\/usp-podcast-36-wetell-blog-teaser.jpg\",\"keywords\":[\"nachhaltigkeit\",\"Smartphone\",\"USP Marketing Podcast \\\/ StartUpWissen Podcast\"],\"articleSection\":[\"Marketing\"],\"inLanguage\":\"de\",\"potentialAction\":[{\"@type\":\"CommentAction\",\"name\":\"Comment\",\"target\":[\"https:\\\/\\\/juergenkroder.com\\\/journalismus\\\/wetell-mobilfunk-startup\\\/#respond\"]}]},{\"@type\":\"WebPage\",\"@id\":\"https:\\\/\\\/juergenkroder.com\\\/journalismus\\\/wetell-mobilfunk-startup\\\/\",\"url\":\"https:\\\/\\\/juergenkroder.com\\\/journalismus\\\/wetell-mobilfunk-startup\\\/\",\"name\":\"Kann man Mobilfunk nachhaltig und fair gestalten? - [ J\u00dcRGEN KRODER ]\",\"isPartOf\":{\"@id\":\"https:\\\/\\\/juergenkroder.com\\\/journalismus\\\/#website\"},\"primaryImageOfPage\":{\"@id\":\"https:\\\/\\\/juergenkroder.com\\\/journalismus\\\/wetell-mobilfunk-startup\\\/#primaryimage\"},\"image\":{\"@id\":\"https:\\\/\\\/juergenkroder.com\\\/journalismus\\\/wetell-mobilfunk-startup\\\/#primaryimage\"},\"thumbnailUrl\":\"https:\\\/\\\/juergenkroder.com\\\/journalismus\\\/wp-content\\\/uploads\\\/2021\\\/08\\\/usp-podcast-36-wetell-blog-teaser.jpg\",\"datePublished\":\"2021-08-05T12:31:17+00:00\",\"dateModified\":\"2025-02-18T11:14:46+00:00\",\"author\":{\"@id\":\"https:\\\/\\\/juergenkroder.com\\\/journalismus\\\/#\\\/schema\\\/person\\\/28235210f16871bd79a64369c9141d5d\"},\"description\":\"Die Antwort lautet: ja! Wie das geht, erkl\u00e4rt der Mitbegr\u00fcnder eines deutschen Mobilfunk-StartUps im Podcast.\",\"breadcrumb\":{\"@id\":\"https:\\\/\\\/juergenkroder.com\\\/journalismus\\\/wetell-mobilfunk-startup\\\/#breadcrumb\"},\"inLanguage\":\"de\",\"potentialAction\":[{\"@type\":\"ReadAction\",\"target\":[\"https:\\\/\\\/juergenkroder.com\\\/journalismus\\\/wetell-mobilfunk-startup\\\/\"]}]},{\"@type\":\"ImageObject\",\"inLanguage\":\"de\",\"@id\":\"https:\\\/\\\/juergenkroder.com\\\/journalismus\\\/wetell-mobilfunk-startup\\\/#primaryimage\",\"url\":\"https:\\\/\\\/juergenkroder.com\\\/journalismus\\\/wp-content\\\/uploads\\\/2021\\\/08\\\/usp-podcast-36-wetell-blog-teaser.jpg\",\"contentUrl\":\"https:\\\/\\\/juergenkroder.com\\\/journalismus\\\/wp-content\\\/uploads\\\/2021\\\/08\\\/usp-podcast-36-wetell-blog-teaser.jpg\",\"width\":700,\"height\":311,\"caption\":\"USP Marketing Podcast mit WEtelll (Bild: Freepik \\\/ Montage: J\u00fcrgen Kroder)\"},{\"@type\":\"BreadcrumbList\",\"@id\":\"https:\\\/\\\/juergenkroder.com\\\/journalismus\\\/wetell-mobilfunk-startup\\\/#breadcrumb\",\"itemListElement\":[{\"@type\":\"ListItem\",\"position\":1,\"name\":\"Startseite\",\"item\":\"https:\\\/\\\/juergenkroder.com\\\/journalismus\\\/\"},{\"@type\":\"ListItem\",\"position\":2,\"name\":\"Kann man Mobilfunk nachhaltig und fair gestalten?\"}]},{\"@type\":\"WebSite\",\"@id\":\"https:\\\/\\\/juergenkroder.com\\\/journalismus\\\/#website\",\"url\":\"https:\\\/\\\/juergenkroder.com\\\/journalismus\\\/\",\"name\":\"[ J\u00dcRGEN KRODER ]\",\"description\":\"Ihr Texter, Fachautor &amp; Journalist f\u00fcr Digitalisierung, IT, KI, Tech, Start-ups und Marketing\",\"potentialAction\":[{\"@type\":\"SearchAction\",\"target\":{\"@type\":\"EntryPoint\",\"urlTemplate\":\"https:\\\/\\\/juergenkroder.com\\\/journalismus\\\/?s={search_term_string}\"},\"query-input\":{\"@type\":\"PropertyValueSpecification\",\"valueRequired\":true,\"valueName\":\"search_term_string\"}}],\"inLanguage\":\"de\"},{\"@type\":\"Person\",\"@id\":\"https:\\\/\\\/juergenkroder.com\\\/journalismus\\\/#\\\/schema\\\/person\\\/28235210f16871bd79a64369c9141d5d\",\"name\":\"J\u00fcrgen Kroder\",\"description\":\"Ich liebe Digitalisierung, KI, StartUps und Marketing. Deswegen schreibe ich als freier Fachautor f\u00fcr bekannte Publikationen \u00fcber diese Themengebiete. Und ich unterst\u00fctze als Marketing-Berater StartUps und mittelst\u00e4ndische Unternehmen bei ihrer Marketing-Strategie. Zudem arbeite ich noch als KI- und ChatGPT-Coach, um Anf\u00e4ngern den Einstieg zu erleichtern.\",\"sameAs\":[\"http:\\\/\\\/juergenkroder.com\\\/\",\"https:\\\/\\\/www.linkedin.com\\\/in\\\/jrgen-kroder-48272a51\\\/\",\"https:\\\/\\\/x.com\\\/juergenkroder\"],\"url\":\"https:\\\/\\\/juergenkroder.com\\\/journalismus\\\/author\\\/juergen\\\/\"}]}<\/script>\n<!-- \/ Yoast SEO plugin. -->","yoast_head_json":{"title":"Kann man Mobilfunk nachhaltig und fair gestalten? - [ J\u00dcRGEN KRODER ]","description":"Die Antwort lautet: ja! Wie das geht, erkl\u00e4rt der Mitbegr\u00fcnder eines deutschen Mobilfunk-StartUps im Podcast.","robots":{"index":"index","follow":"follow","max-snippet":"max-snippet:-1","max-image-preview":"max-image-preview:large","max-video-preview":"max-video-preview:-1"},"canonical":"https:\/\/juergenkroder.com\/journalismus\/wetell-mobilfunk-startup\/","og_locale":"de_DE","og_type":"article","og_title":"Kann man Mobilfunk nachhaltig und fair gestalten? - [ J\u00dcRGEN KRODER ]","og_description":"Die Antwort lautet: ja! Wie das geht, erkl\u00e4rt der Mitbegr\u00fcnder eines deutschen Mobilfunk-StartUps im Podcast.","og_url":"https:\/\/juergenkroder.com\/journalismus\/wetell-mobilfunk-startup\/","og_site_name":"[ J\u00dcRGEN KRODER ]","article_published_time":"2021-08-05T12:31:17+00:00","article_modified_time":"2025-02-18T11:14:46+00:00","og_image":[{"width":900,"height":400,"url":"https:\/\/juergenkroder.com\/journalismus\/wp-content\/uploads\/2020\/04\/marketing-timing.jpg","type":"image\/jpeg"}],"author":"J\u00fcrgen Kroder","twitter_card":"summary_large_image","twitter_creator":"@juergenkroder","twitter_misc":{"Verfasst von":"J\u00fcrgen Kroder","Gesch\u00e4tzte Lesezeit":"2\u00a0Minuten"},"schema":{"@context":"https:\/\/schema.org","@graph":[{"@type":"Article","@id":"https:\/\/juergenkroder.com\/journalismus\/wetell-mobilfunk-startup\/#article","isPartOf":{"@id":"https:\/\/juergenkroder.com\/journalismus\/wetell-mobilfunk-startup\/"},"author":{"name":"J\u00fcrgen Kroder","@id":"https:\/\/juergenkroder.com\/journalismus\/#\/schema\/person\/28235210f16871bd79a64369c9141d5d"},"headline":"Kann man Mobilfunk nachhaltig und fair gestalten?","datePublished":"2021-08-05T12:31:17+00:00","dateModified":"2025-02-18T11:14:46+00:00","mainEntityOfPage":{"@id":"https:\/\/juergenkroder.com\/journalismus\/wetell-mobilfunk-startup\/"},"wordCount":315,"commentCount":0,"image":{"@id":"https:\/\/juergenkroder.com\/journalismus\/wetell-mobilfunk-startup\/#primaryimage"},"thumbnailUrl":"https:\/\/juergenkroder.com\/journalismus\/wp-content\/uploads\/2021\/08\/usp-podcast-36-wetell-blog-teaser.jpg","keywords":["nachhaltigkeit","Smartphone","USP Marketing Podcast \/ StartUpWissen Podcast"],"articleSection":["Marketing"],"inLanguage":"de","potentialAction":[{"@type":"CommentAction","name":"Comment","target":["https:\/\/juergenkroder.com\/journalismus\/wetell-mobilfunk-startup\/#respond"]}]},{"@type":"WebPage","@id":"https:\/\/juergenkroder.com\/journalismus\/wetell-mobilfunk-startup\/","url":"https:\/\/juergenkroder.com\/journalismus\/wetell-mobilfunk-startup\/","name":"Kann man Mobilfunk nachhaltig und fair gestalten? - [ J\u00dcRGEN KRODER ]","isPartOf":{"@id":"https:\/\/juergenkroder.com\/journalismus\/#website"},"primaryImageOfPage":{"@id":"https:\/\/juergenkroder.com\/journalismus\/wetell-mobilfunk-startup\/#primaryimage"},"image":{"@id":"https:\/\/juergenkroder.com\/journalismus\/wetell-mobilfunk-startup\/#primaryimage"},"thumbnailUrl":"https:\/\/juergenkroder.com\/journalismus\/wp-content\/uploads\/2021\/08\/usp-podcast-36-wetell-blog-teaser.jpg","datePublished":"2021-08-05T12:31:17+00:00","dateModified":"2025-02-18T11:14:46+00:00","author":{"@id":"https:\/\/juergenkroder.com\/journalismus\/#\/schema\/person\/28235210f16871bd79a64369c9141d5d"},"description":"Die Antwort lautet: ja! Wie das geht, erkl\u00e4rt der Mitbegr\u00fcnder eines deutschen Mobilfunk-StartUps im Podcast.","breadcrumb":{"@id":"https:\/\/juergenkroder.com\/journalismus\/wetell-mobilfunk-startup\/#breadcrumb"},"inLanguage":"de","potentialAction":[{"@type":"ReadAction","target":["https:\/\/juergenkroder.com\/journalismus\/wetell-mobilfunk-startup\/"]}]},{"@type":"ImageObject","inLanguage":"de","@id":"https:\/\/juergenkroder.com\/journalismus\/wetell-mobilfunk-startup\/#primaryimage","url":"https:\/\/juergenkroder.com\/journalismus\/wp-content\/uploads\/2021\/08\/usp-podcast-36-wetell-blog-teaser.jpg","contentUrl":"https:\/\/juergenkroder.com\/journalismus\/wp-content\/uploads\/2021\/08\/usp-podcast-36-wetell-blog-teaser.jpg","width":700,"height":311,"caption":"USP Marketing Podcast mit WEtelll (Bild: Freepik \/ Montage: J\u00fcrgen Kroder)"},{"@type":"BreadcrumbList","@id":"https:\/\/juergenkroder.com\/journalismus\/wetell-mobilfunk-startup\/#breadcrumb","itemListElement":[{"@type":"ListItem","position":1,"name":"Startseite","item":"https:\/\/juergenkroder.com\/journalismus\/"},{"@type":"ListItem","position":2,"name":"Kann man Mobilfunk nachhaltig und fair gestalten?"}]},{"@type":"WebSite","@id":"https:\/\/juergenkroder.com\/journalismus\/#website","url":"https:\/\/juergenkroder.com\/journalismus\/","name":"[ J\u00dcRGEN KRODER ]","description":"Ihr Texter, Fachautor &amp; Journalist f\u00fcr Digitalisierung, IT, KI, Tech, Start-ups und Marketing","potentialAction":[{"@type":"SearchAction","target":{"@type":"EntryPoint","urlTemplate":"https:\/\/juergenkroder.com\/journalismus\/?s={search_term_string}"},"query-input":{"@type":"PropertyValueSpecification","valueRequired":true,"valueName":"search_term_string"}}],"inLanguage":"de"},{"@type":"Person","@id":"https:\/\/juergenkroder.com\/journalismus\/#\/schema\/person\/28235210f16871bd79a64369c9141d5d","name":"J\u00fcrgen Kroder","description":"Ich liebe Digitalisierung, KI, StartUps und Marketing. Deswegen schreibe ich als freier Fachautor f\u00fcr bekannte Publikationen \u00fcber diese Themengebiete. Und ich unterst\u00fctze als Marketing-Berater StartUps und mittelst\u00e4ndische Unternehmen bei ihrer Marketing-Strategie. Zudem arbeite ich noch als KI- und ChatGPT-Coach, um Anf\u00e4ngern den Einstieg zu erleichtern.","sameAs":["http:\/\/juergenkroder.com\/","https:\/\/www.linkedin.com\/in\/jrgen-kroder-48272a51\/","https:\/\/x.com\/juergenkroder"],"url":"https:\/\/juergenkroder.com\/journalismus\/author\/juergen\/"}]}},"jetpack_featured_media_url":"","jetpack_shortlink":"https:\/\/wp.me\/pcqtTx-EK","jetpack-related-posts":[{"id":1691,"url":"https:\/\/juergenkroder.com\/journalismus\/bessere-sichtbarkeit-im-netz-wie-funktioniert-blog-marketing\/","url_meta":{"origin":2526,"position":0},"title":"Bessere Sichtbarkeit im Netz: Wie funktioniert Blog-Marketing?","author":"J\u00fcrgen Kroder","date":"20. Oktober 2020","format":false,"excerpt":"Wie kann man seine Platzierung bei Suchmaschinen verbessern? Und wie k\u00f6nnen Blogs Geld verdienen? Die Antwort f\u00fcr beide Fragen lautet: Blog-Marketing!\u00a0 Mehr Platzierungen bei Google und Bing Suchmaschinen besitzen einen extrem hohen Stellenwert im Marketing-Mix. Denn sie sind ein wichtiger Bestandteil der modernen Customer Journey. Um bei Google & Co.\u2026","rel":"","context":"In &quot;Marketing&quot;","block_context":{"text":"Marketing","link":"https:\/\/juergenkroder.com\/journalismus\/category\/marketing\/"},"img":{"alt_text":"","src":"https:\/\/i0.wp.com\/juergenkroder.com\/journalismus\/wp-content\/uploads\/2020\/10\/infografik-blog-marketing-vorteile.jpg?resize=350%2C200&ssl=1","width":350,"height":200,"srcset":"https:\/\/i0.wp.com\/juergenkroder.com\/journalismus\/wp-content\/uploads\/2020\/10\/infografik-blog-marketing-vorteile.jpg?resize=350%2C200&ssl=1 1x, https:\/\/i0.wp.com\/juergenkroder.com\/journalismus\/wp-content\/uploads\/2020\/10\/infografik-blog-marketing-vorteile.jpg?resize=525%2C300&ssl=1 1.5x, https:\/\/i0.wp.com\/juergenkroder.com\/journalismus\/wp-content\/uploads\/2020\/10\/infografik-blog-marketing-vorteile.jpg?resize=700%2C400&ssl=1 2x"},"classes":[]},{"id":2499,"url":"https:\/\/juergenkroder.com\/journalismus\/solar-startup-enpal\/","url_meta":{"origin":2526,"position":1},"title":"Wie kann ein StartUp im umk\u00e4mpften Photovoltaik-Markt bestehen?","author":"J\u00fcrgen Kroder","date":"22. Juli 2021","format":false,"excerpt":"Solarstrom made in Germany: Enpal hat ein neuartiges Gesch\u00e4ftsmodell f\u00fcr Photovoltaik entwickelt. Wie funktioniert das genau? Shine, baby, shine! 2010 - ein verr\u00fccktes Jahr. Lena Meyer-Landrut gewann den Eurovision Song Contest, Sebastian Vettel raste sich zur Formel-1-Weltmeisterschaft und Larry Hagmann engagierte sich f\u00fcr Solarstrom. Larry \u2026 wer? Na, J.R. Ewing\u2026","rel":"","context":"In &quot;Digitalisierung&quot;","block_context":{"text":"Digitalisierung","link":"https:\/\/juergenkroder.com\/journalismus\/category\/digitalisierung\/"},"img":{"alt_text":"USP Marketing Podcast - Enpal (Bild: Freepik)","src":"https:\/\/i0.wp.com\/juergenkroder.com\/journalismus\/wp-content\/uploads\/2021\/07\/usp-podcast-35-blog.jpg?resize=350%2C200&ssl=1","width":350,"height":200,"srcset":"https:\/\/i0.wp.com\/juergenkroder.com\/journalismus\/wp-content\/uploads\/2021\/07\/usp-podcast-35-blog.jpg?resize=350%2C200&ssl=1 1x, https:\/\/i0.wp.com\/juergenkroder.com\/journalismus\/wp-content\/uploads\/2021\/07\/usp-podcast-35-blog.jpg?resize=525%2C300&ssl=1 1.5x, https:\/\/i0.wp.com\/juergenkroder.com\/journalismus\/wp-content\/uploads\/2021\/07\/usp-podcast-35-blog.jpg?resize=700%2C400&ssl=1 2x"},"classes":[]},{"id":1836,"url":"https:\/\/juergenkroder.com\/journalismus\/usp-marketing-podcast-synchronsprecher\/","url_meta":{"origin":2526,"position":2},"title":"Wie wird man ein &#8222;unbekannter Superheld&#8220;?","author":"J\u00fcrgen Kroder","date":"5. November 2020","format":false,"excerpt":"Sie sind extrem wichtig, doch keiner kennt sie: Synchronsprecher. Ein Insider erz\u00e4hlt, wie die Branche tickt und wie er als Synchro-Profi Marketing betreibt. Wer spricht da zu uns? Wenn ich einen Film oder eine Serie sehe, mache ich mir keinerlei Gedanken \u00fcber die Produktion. Ich konsumiere. Und am Ende denke\u2026","rel":"","context":"In &quot;Marketing&quot;","block_context":{"text":"Marketing","link":"https:\/\/juergenkroder.com\/journalismus\/category\/marketing\/"},"img":{"alt_text":"","src":"https:\/\/i0.wp.com\/juergenkroder.com\/journalismus\/wp-content\/uploads\/2020\/11\/usp-podcast-18-blog.jpg?resize=350%2C200&ssl=1","width":350,"height":200,"srcset":"https:\/\/i0.wp.com\/juergenkroder.com\/journalismus\/wp-content\/uploads\/2020\/11\/usp-podcast-18-blog.jpg?resize=350%2C200&ssl=1 1x, https:\/\/i0.wp.com\/juergenkroder.com\/journalismus\/wp-content\/uploads\/2020\/11\/usp-podcast-18-blog.jpg?resize=525%2C300&ssl=1 1.5x, https:\/\/i0.wp.com\/juergenkroder.com\/journalismus\/wp-content\/uploads\/2020\/11\/usp-podcast-18-blog.jpg?resize=700%2C400&ssl=1 2x"},"classes":[]},{"id":3268,"url":"https:\/\/juergenkroder.com\/journalismus\/wie-funktioniert-das-matrix-modell-zur-themenfindung\/","url_meta":{"origin":2526,"position":3},"title":"Wie funktioniert das Matrix-Modell zur Themenfindung?","author":"J\u00fcrgen Kroder","date":"7. August 2022","format":false,"excerpt":"Wie kannst du an deiner Positionierung feilen und zugleich auch deine Kommunikationsstrategie verbessern? Dieses Modell hilft dir. Eine gute L\u00f6sung auf diese Fragen ist das Matrix-Modell zur Themenentwicklung. Wie das recht einfache Modell funktioniert, erkl\u00e4rt dir die Erfinderin - Jeanette Wygoda - im StartUpWissen Podcast. \u00a0","rel":"","context":"In &quot;Management&quot;","block_context":{"text":"Management","link":"https:\/\/juergenkroder.com\/journalismus\/category\/management\/"},"img":{"alt_text":"(Bild: Freepik)","src":"https:\/\/i0.wp.com\/juergenkroder.com\/journalismus\/wp-content\/uploads\/2022\/08\/matrix-modell-thememfindung.jpg?resize=350%2C200&ssl=1","width":350,"height":200,"srcset":"https:\/\/i0.wp.com\/juergenkroder.com\/journalismus\/wp-content\/uploads\/2022\/08\/matrix-modell-thememfindung.jpg?resize=350%2C200&ssl=1 1x, https:\/\/i0.wp.com\/juergenkroder.com\/journalismus\/wp-content\/uploads\/2022\/08\/matrix-modell-thememfindung.jpg?resize=525%2C300&ssl=1 1.5x, https:\/\/i0.wp.com\/juergenkroder.com\/journalismus\/wp-content\/uploads\/2022\/08\/matrix-modell-thememfindung.jpg?resize=700%2C400&ssl=1 2x"},"classes":[]},{"id":1057,"url":"https:\/\/juergenkroder.com\/journalismus\/usp-marketing-podcast-folge-01-virtual-reality-startup-flyingshapes\/","url_meta":{"origin":2526,"position":4},"title":"Wie vermarktet man ein Virtual-Reality-StartUp?","author":"J\u00fcrgen Kroder","date":"11. Mai 2020","format":false,"excerpt":"In der ersten Folge des USP Marketing Podcast erkl\u00e4rt der Gr\u00fcnder eines VR-StartUps, wie er unter anderem die Automobilbranche aufmischen will. Was ist der USP Marketing Podcast? Wie kommen Selbstst\u00e4ndige, Start-ups, Mittelst\u00e4ndler und gro\u00dfe Unternehmen zu ihrem Alleinstellungsmerkmal? Wie haben sie ihren USP, den Unique Selling Point, gefunden? Haben sie\u2026","rel":"","context":"In &quot;Marketing&quot;","block_context":{"text":"Marketing","link":"https:\/\/juergenkroder.com\/journalismus\/category\/marketing\/"},"img":{"alt_text":"","src":"https:\/\/i0.wp.com\/juergenkroder.com\/journalismus\/wp-content\/uploads\/2020\/05\/usp-podcast-teaser-blog-01x-1.jpg?resize=350%2C200&ssl=1","width":350,"height":200,"srcset":"https:\/\/i0.wp.com\/juergenkroder.com\/journalismus\/wp-content\/uploads\/2020\/05\/usp-podcast-teaser-blog-01x-1.jpg?resize=350%2C200&ssl=1 1x, https:\/\/i0.wp.com\/juergenkroder.com\/journalismus\/wp-content\/uploads\/2020\/05\/usp-podcast-teaser-blog-01x-1.jpg?resize=525%2C300&ssl=1 1.5x, https:\/\/i0.wp.com\/juergenkroder.com\/journalismus\/wp-content\/uploads\/2020\/05\/usp-podcast-teaser-blog-01x-1.jpg?resize=700%2C400&ssl=1 2x"},"classes":[]},{"id":2963,"url":"https:\/\/juergenkroder.com\/journalismus\/podcast-voice-search\/","url_meta":{"origin":2526,"position":5},"title":"Warum solltest du auf Voice Search Marketing setzen?","author":"J\u00fcrgen Kroder","date":"27. M\u00e4rz 2022","format":false,"excerpt":"Siri und Alexa kennt fast jeder Mensch. Nutze die Potentiale der Sprachassistenten, indem du dich mit Voice Search Marketing besch\u00e4ftigst! Wie funktioniert Voice Search Marketing? Das erkl\u00e4rt dir Michael Wichterich in dieser Podcast-Episode! Michael ist Experte f\u00fcr Voice Search, Voice Search Marketing und Voice Search SEO. Im StartUpWissen Podcast zeigt\u2026","rel":"","context":"In &quot;Marketing&quot;","block_context":{"text":"Marketing","link":"https:\/\/juergenkroder.com\/journalismus\/category\/marketing\/"},"img":{"alt_text":"","src":"https:\/\/i0.wp.com\/juergenkroder.com\/journalismus\/wp-content\/uploads\/2022\/03\/voice-search-marketing.webp?resize=350%2C200&ssl=1","width":350,"height":200,"srcset":"https:\/\/i0.wp.com\/juergenkroder.com\/journalismus\/wp-content\/uploads\/2022\/03\/voice-search-marketing.webp?resize=350%2C200&ssl=1 1x, https:\/\/i0.wp.com\/juergenkroder.com\/journalismus\/wp-content\/uploads\/2022\/03\/voice-search-marketing.webp?resize=525%2C300&ssl=1 1.5x, https:\/\/i0.wp.com\/juergenkroder.com\/journalismus\/wp-content\/uploads\/2022\/03\/voice-search-marketing.webp?resize=700%2C400&ssl=1 2x"},"classes":[]}],"jetpack_sharing_enabled":true,"_links":{"self":[{"href":"https:\/\/juergenkroder.com\/journalismus\/wp-json\/wp\/v2\/posts\/2526","targetHints":{"allow":["GET"]}}],"collection":[{"href":"https:\/\/juergenkroder.com\/journalismus\/wp-json\/wp\/v2\/posts"}],"about":[{"href":"https:\/\/juergenkroder.com\/journalismus\/wp-json\/wp\/v2\/types\/post"}],"author":[{"embeddable":true,"href":"https:\/\/juergenkroder.com\/journalismus\/wp-json\/wp\/v2\/users\/2"}],"replies":[{"embeddable":true,"href":"https:\/\/juergenkroder.com\/journalismus\/wp-json\/wp\/v2\/comments?post=2526"}],"version-history":[{"count":10,"href":"https:\/\/juergenkroder.com\/journalismus\/wp-json\/wp\/v2\/posts\/2526\/revisions"}],"predecessor-version":[{"id":5838,"href":"https:\/\/juergenkroder.com\/journalismus\/wp-json\/wp\/v2\/posts\/2526\/revisions\/5838"}],"wp:attachment":[{"href":"https:\/\/juergenkroder.com\/journalismus\/wp-json\/wp\/v2\/media?parent=2526"}],"wp:term":[{"taxonomy":"category","embeddable":true,"href":"https:\/\/juergenkroder.com\/journalismus\/wp-json\/wp\/v2\/categories?post=2526"},{"taxonomy":"post_tag","embeddable":true,"href":"https:\/\/juergenkroder.com\/journalismus\/wp-json\/wp\/v2\/tags?post=2526"}],"curies":[{"name":"wp","href":"https:\/\/api.w.org\/{rel}","templated":true}]}}