{"id":2714,"date":"2021-10-18T10:11:41","date_gmt":"2021-10-18T08:11:41","guid":{"rendered":"https:\/\/juergenkroder.com\/journalismus\/?p=2714"},"modified":"2026-01-14T08:32:42","modified_gmt":"2026-01-14T07:32:42","slug":"home-office-arbeitsplatz-einrichten","status":"publish","type":"post","link":"https:\/\/juergenkroder.com\/journalismus\/home-office-arbeitsplatz-einrichten\/","title":{"rendered":"Wie richtet man einen Home-Office-Arbeitsplatz ein?"},"content":{"rendered":"<p><img loading=\"lazy\" decoding=\"async\" class=\"size-full wp-image-1016\" src=\"https:\/\/juergenkroder.com\/journalismus\/wp-content\/uploads\/2021\/10\/usp-podcast-blog-teaser.jpg\" alt=\"\" width=\"700\" height=\"311\" \/><\/p>\n<p><strong>Was viele nicht wissen: Wenn Mitarbeiter im Home Office arbeiten, sind diverse gesetzliche Anforderungen zu erf\u00fcllen! Das gilt es zu beachten.<\/strong><br \/>\n<!--more--><\/p>\n<h2>Home Office oder Teleheimarbeit?<\/h2>\n<p>Geben wir es zu: Das, was Millionen von Bundesb\u00fcrger w\u00e4hrend den Hochzeiten der Corona-Pandemie getan haben, war kein Home Office. Stattdessen handelte es sich um Telearbeit bzw. Teleheimarbeit.<\/p>\n<p>Was sind die Unterschiede zwischen Home Office und Tele(heim)arbeit? Wie sollte ein Heimarbeitsplatz richtig ausgestattet sein, sodass er gesetzeskonform ist? Und wie l\u00e4sst sich dabei viel Geld sparen?<\/p>\n<p>Diese Fragen beantwortet Julius Bolz vom deutschen StartUp <a href=\"https:\/\/www.lendis.io\/\" target=\"_blank\" rel=\"noopener\">Lendis<\/a> in der neuesten Folge meines Podcasts:<\/p>\n<div class=\"jetpack-video-wrapper\"><span class=\"embed-youtube\" style=\"text-align:center; display: block;\"><iframe loading=\"lazy\" class=\"youtube-player\" width=\"700\" height=\"394\" src=\"https:\/\/www.youtube.com\/embed\/cYaJKL4dJCg?version=3&#038;rel=1&#038;showsearch=0&#038;showinfo=1&#038;iv_load_policy=1&#038;fs=1&#038;hl=de-DE&#038;autohide=2&#038;wmode=transparent\" allowfullscreen=\"true\" style=\"border:0;\" sandbox=\"allow-scripts allow-same-origin allow-popups allow-presentation allow-popups-to-escape-sandbox\"><\/iframe><\/span><\/div>\n<p>&nbsp;<\/p>\n","protected":false},"excerpt":{"rendered":"<p>Was viele nicht wissen: Wenn Mitarbeiter im Home Office arbeiten, sind diverse gesetzliche Anforderungen zu erf\u00fcllen! Das gilt es zu beachten.<\/p>\n","protected":false},"author":2,"featured_media":0,"comment_status":"open","ping_status":"open","sticky":false,"template":"","format":"standard","meta":{"_jetpack_memberships_contains_paid_content":false,"footnotes":"","_links_to":"","_links_to_target":""},"categories":[9],"tags":[104,74,122],"class_list":["post-2714","post","type-post","status-publish","format-standard","hentry","category-digitalisierung","tag-home-office","tag-podcast","tag-usp-marketing-podcast","no-thumbnail"],"yoast_head":"<!-- This site is optimized with the Yoast SEO plugin v27.5 - https:\/\/yoast.com\/product\/yoast-seo-wordpress\/ -->\n<title>Wie richtet man einen Home-Office-Arbeitsplatz ein? - [ J\u00dcRGEN KRODER ]<\/title>\n<meta name=\"description\" content=\"Was viele nicht wissen: Wenn Mitarbeiter im Home Office arbeiten, sind diverse gesetzliche Anforderungen zu erf\u00fcllen! Das gilt es zu beachten.\" \/>\n<meta name=\"robots\" content=\"index, follow, max-snippet:-1, max-image-preview:large, max-video-preview:-1\" \/>\n<link rel=\"canonical\" href=\"https:\/\/juergenkroder.com\/journalismus\/home-office-arbeitsplatz-einrichten\/\" \/>\n<meta property=\"og:locale\" content=\"de_DE\" \/>\n<meta property=\"og:type\" content=\"article\" \/>\n<meta property=\"og:title\" content=\"Wie richtet man einen Home-Office-Arbeitsplatz ein? - [ J\u00dcRGEN KRODER ]\" \/>\n<meta property=\"og:description\" content=\"Was viele nicht wissen: Wenn Mitarbeiter im Home Office arbeiten, sind diverse gesetzliche Anforderungen zu erf\u00fcllen! Das gilt es zu beachten.\" \/>\n<meta property=\"og:url\" content=\"https:\/\/juergenkroder.com\/journalismus\/home-office-arbeitsplatz-einrichten\/\" \/>\n<meta property=\"og:site_name\" content=\"[ J\u00dcRGEN KRODER ]\" \/>\n<meta property=\"article:published_time\" content=\"2021-10-18T08:11:41+00:00\" \/>\n<meta property=\"article:modified_time\" content=\"2026-01-14T07:32:42+00:00\" \/>\n<meta property=\"og:image\" content=\"https:\/\/juergenkroder.com\/journalismus\/wp-content\/uploads\/2020\/04\/marketing-timing.jpg\" \/>\n\t<meta property=\"og:image:width\" content=\"900\" \/>\n\t<meta property=\"og:image:height\" content=\"400\" \/>\n\t<meta property=\"og:image:type\" content=\"image\/jpeg\" \/>\n<meta name=\"author\" content=\"J\u00fcrgen Kroder\" \/>\n<meta name=\"twitter:card\" content=\"summary_large_image\" \/>\n<meta name=\"twitter:creator\" content=\"@juergenkroder\" \/>\n<meta name=\"twitter:label1\" content=\"Verfasst von\" \/>\n\t<meta name=\"twitter:data1\" content=\"J\u00fcrgen Kroder\" \/>\n\t<meta name=\"twitter:label2\" content=\"Gesch\u00e4tzte Lesezeit\" \/>\n\t<meta name=\"twitter:data2\" content=\"1\u00a0Minute\" \/>\n<script type=\"application\/ld+json\" class=\"yoast-schema-graph\">{\"@context\":\"https:\\\/\\\/schema.org\",\"@graph\":[{\"@type\":\"Article\",\"@id\":\"https:\\\/\\\/juergenkroder.com\\\/journalismus\\\/home-office-arbeitsplatz-einrichten\\\/#article\",\"isPartOf\":{\"@id\":\"https:\\\/\\\/juergenkroder.com\\\/journalismus\\\/home-office-arbeitsplatz-einrichten\\\/\"},\"author\":{\"name\":\"J\u00fcrgen Kroder\",\"@id\":\"https:\\\/\\\/juergenkroder.com\\\/journalismus\\\/#\\\/schema\\\/person\\\/28235210f16871bd79a64369c9141d5d\"},\"headline\":\"Wie richtet man einen Home-Office-Arbeitsplatz ein?\",\"datePublished\":\"2021-10-18T08:11:41+00:00\",\"dateModified\":\"2026-01-14T07:32:42+00:00\",\"mainEntityOfPage\":{\"@id\":\"https:\\\/\\\/juergenkroder.com\\\/journalismus\\\/home-office-arbeitsplatz-einrichten\\\/\"},\"wordCount\":119,\"commentCount\":1,\"image\":{\"@id\":\"https:\\\/\\\/juergenkroder.com\\\/journalismus\\\/home-office-arbeitsplatz-einrichten\\\/#primaryimage\"},\"thumbnailUrl\":\"https:\\\/\\\/juergenkroder.com\\\/journalismus\\\/wp-content\\\/uploads\\\/2021\\\/10\\\/usp-podcast-blog-teaser.jpg\",\"keywords\":[\"Home Office\",\"Podcast\",\"USP Marketing Podcast \\\/ StartUpWissen Podcast\"],\"articleSection\":[\"Digitalisierung\"],\"inLanguage\":\"de\",\"potentialAction\":[{\"@type\":\"CommentAction\",\"name\":\"Comment\",\"target\":[\"https:\\\/\\\/juergenkroder.com\\\/journalismus\\\/home-office-arbeitsplatz-einrichten\\\/#respond\"]}]},{\"@type\":\"WebPage\",\"@id\":\"https:\\\/\\\/juergenkroder.com\\\/journalismus\\\/home-office-arbeitsplatz-einrichten\\\/\",\"url\":\"https:\\\/\\\/juergenkroder.com\\\/journalismus\\\/home-office-arbeitsplatz-einrichten\\\/\",\"name\":\"Wie richtet man einen Home-Office-Arbeitsplatz ein? - [ J\u00dcRGEN KRODER ]\",\"isPartOf\":{\"@id\":\"https:\\\/\\\/juergenkroder.com\\\/journalismus\\\/#website\"},\"primaryImageOfPage\":{\"@id\":\"https:\\\/\\\/juergenkroder.com\\\/journalismus\\\/home-office-arbeitsplatz-einrichten\\\/#primaryimage\"},\"image\":{\"@id\":\"https:\\\/\\\/juergenkroder.com\\\/journalismus\\\/home-office-arbeitsplatz-einrichten\\\/#primaryimage\"},\"thumbnailUrl\":\"https:\\\/\\\/juergenkroder.com\\\/journalismus\\\/wp-content\\\/uploads\\\/2021\\\/10\\\/usp-podcast-blog-teaser.jpg\",\"datePublished\":\"2021-10-18T08:11:41+00:00\",\"dateModified\":\"2026-01-14T07:32:42+00:00\",\"author\":{\"@id\":\"https:\\\/\\\/juergenkroder.com\\\/journalismus\\\/#\\\/schema\\\/person\\\/28235210f16871bd79a64369c9141d5d\"},\"description\":\"Was viele nicht wissen: Wenn Mitarbeiter im Home Office arbeiten, sind diverse gesetzliche Anforderungen zu erf\u00fcllen! Das gilt es zu beachten.\",\"breadcrumb\":{\"@id\":\"https:\\\/\\\/juergenkroder.com\\\/journalismus\\\/home-office-arbeitsplatz-einrichten\\\/#breadcrumb\"},\"inLanguage\":\"de\",\"potentialAction\":[{\"@type\":\"ReadAction\",\"target\":[\"https:\\\/\\\/juergenkroder.com\\\/journalismus\\\/home-office-arbeitsplatz-einrichten\\\/\"]}]},{\"@type\":\"ImageObject\",\"inLanguage\":\"de\",\"@id\":\"https:\\\/\\\/juergenkroder.com\\\/journalismus\\\/home-office-arbeitsplatz-einrichten\\\/#primaryimage\",\"url\":\"https:\\\/\\\/juergenkroder.com\\\/journalismus\\\/wp-content\\\/uploads\\\/2021\\\/10\\\/usp-podcast-blog-teaser.jpg\",\"contentUrl\":\"https:\\\/\\\/juergenkroder.com\\\/journalismus\\\/wp-content\\\/uploads\\\/2021\\\/10\\\/usp-podcast-blog-teaser.jpg\",\"width\":700,\"height\":311},{\"@type\":\"BreadcrumbList\",\"@id\":\"https:\\\/\\\/juergenkroder.com\\\/journalismus\\\/home-office-arbeitsplatz-einrichten\\\/#breadcrumb\",\"itemListElement\":[{\"@type\":\"ListItem\",\"position\":1,\"name\":\"Startseite\",\"item\":\"https:\\\/\\\/juergenkroder.com\\\/journalismus\\\/\"},{\"@type\":\"ListItem\",\"position\":2,\"name\":\"Wie richtet man einen Home-Office-Arbeitsplatz ein?\"}]},{\"@type\":\"WebSite\",\"@id\":\"https:\\\/\\\/juergenkroder.com\\\/journalismus\\\/#website\",\"url\":\"https:\\\/\\\/juergenkroder.com\\\/journalismus\\\/\",\"name\":\"[ J\u00dcRGEN KRODER ]\",\"description\":\"Ihr Texter, Fachautor &amp; Journalist f\u00fcr Digitalisierung, IT, KI, Tech, Start-ups und Marketing\",\"potentialAction\":[{\"@type\":\"SearchAction\",\"target\":{\"@type\":\"EntryPoint\",\"urlTemplate\":\"https:\\\/\\\/juergenkroder.com\\\/journalismus\\\/?s={search_term_string}\"},\"query-input\":{\"@type\":\"PropertyValueSpecification\",\"valueRequired\":true,\"valueName\":\"search_term_string\"}}],\"inLanguage\":\"de\"},{\"@type\":\"Person\",\"@id\":\"https:\\\/\\\/juergenkroder.com\\\/journalismus\\\/#\\\/schema\\\/person\\\/28235210f16871bd79a64369c9141d5d\",\"name\":\"J\u00fcrgen Kroder\",\"description\":\"Ich liebe Digitalisierung, KI, StartUps und Marketing. Deswegen schreibe ich als freier Fachautor f\u00fcr bekannte Publikationen \u00fcber diese Themengebiete. Und ich unterst\u00fctze als Marketing-Berater StartUps und mittelst\u00e4ndische Unternehmen bei ihrer Marketing-Strategie. Zudem arbeite ich noch als KI- und ChatGPT-Coach, um Anf\u00e4ngern den Einstieg zu erleichtern.\",\"sameAs\":[\"http:\\\/\\\/juergenkroder.com\\\/\",\"https:\\\/\\\/www.linkedin.com\\\/in\\\/jrgen-kroder-48272a51\\\/\",\"https:\\\/\\\/x.com\\\/juergenkroder\"],\"url\":\"https:\\\/\\\/juergenkroder.com\\\/journalismus\\\/author\\\/juergen\\\/\"}]}<\/script>\n<!-- \/ Yoast SEO plugin. -->","yoast_head_json":{"title":"Wie richtet man einen Home-Office-Arbeitsplatz ein? - [ J\u00dcRGEN KRODER ]","description":"Was viele nicht wissen: Wenn Mitarbeiter im Home Office arbeiten, sind diverse gesetzliche Anforderungen zu erf\u00fcllen! Das gilt es zu beachten.","robots":{"index":"index","follow":"follow","max-snippet":"max-snippet:-1","max-image-preview":"max-image-preview:large","max-video-preview":"max-video-preview:-1"},"canonical":"https:\/\/juergenkroder.com\/journalismus\/home-office-arbeitsplatz-einrichten\/","og_locale":"de_DE","og_type":"article","og_title":"Wie richtet man einen Home-Office-Arbeitsplatz ein? - [ J\u00dcRGEN KRODER ]","og_description":"Was viele nicht wissen: Wenn Mitarbeiter im Home Office arbeiten, sind diverse gesetzliche Anforderungen zu erf\u00fcllen! Das gilt es zu beachten.","og_url":"https:\/\/juergenkroder.com\/journalismus\/home-office-arbeitsplatz-einrichten\/","og_site_name":"[ J\u00dcRGEN KRODER ]","article_published_time":"2021-10-18T08:11:41+00:00","article_modified_time":"2026-01-14T07:32:42+00:00","og_image":[{"width":900,"height":400,"url":"https:\/\/juergenkroder.com\/journalismus\/wp-content\/uploads\/2020\/04\/marketing-timing.jpg","type":"image\/jpeg"}],"author":"J\u00fcrgen Kroder","twitter_card":"summary_large_image","twitter_creator":"@juergenkroder","twitter_misc":{"Verfasst von":"J\u00fcrgen Kroder","Gesch\u00e4tzte Lesezeit":"1\u00a0Minute"},"schema":{"@context":"https:\/\/schema.org","@graph":[{"@type":"Article","@id":"https:\/\/juergenkroder.com\/journalismus\/home-office-arbeitsplatz-einrichten\/#article","isPartOf":{"@id":"https:\/\/juergenkroder.com\/journalismus\/home-office-arbeitsplatz-einrichten\/"},"author":{"name":"J\u00fcrgen Kroder","@id":"https:\/\/juergenkroder.com\/journalismus\/#\/schema\/person\/28235210f16871bd79a64369c9141d5d"},"headline":"Wie richtet man einen Home-Office-Arbeitsplatz ein?","datePublished":"2021-10-18T08:11:41+00:00","dateModified":"2026-01-14T07:32:42+00:00","mainEntityOfPage":{"@id":"https:\/\/juergenkroder.com\/journalismus\/home-office-arbeitsplatz-einrichten\/"},"wordCount":119,"commentCount":1,"image":{"@id":"https:\/\/juergenkroder.com\/journalismus\/home-office-arbeitsplatz-einrichten\/#primaryimage"},"thumbnailUrl":"https:\/\/juergenkroder.com\/journalismus\/wp-content\/uploads\/2021\/10\/usp-podcast-blog-teaser.jpg","keywords":["Home Office","Podcast","USP Marketing Podcast \/ StartUpWissen Podcast"],"articleSection":["Digitalisierung"],"inLanguage":"de","potentialAction":[{"@type":"CommentAction","name":"Comment","target":["https:\/\/juergenkroder.com\/journalismus\/home-office-arbeitsplatz-einrichten\/#respond"]}]},{"@type":"WebPage","@id":"https:\/\/juergenkroder.com\/journalismus\/home-office-arbeitsplatz-einrichten\/","url":"https:\/\/juergenkroder.com\/journalismus\/home-office-arbeitsplatz-einrichten\/","name":"Wie richtet man einen Home-Office-Arbeitsplatz ein? - [ J\u00dcRGEN KRODER ]","isPartOf":{"@id":"https:\/\/juergenkroder.com\/journalismus\/#website"},"primaryImageOfPage":{"@id":"https:\/\/juergenkroder.com\/journalismus\/home-office-arbeitsplatz-einrichten\/#primaryimage"},"image":{"@id":"https:\/\/juergenkroder.com\/journalismus\/home-office-arbeitsplatz-einrichten\/#primaryimage"},"thumbnailUrl":"https:\/\/juergenkroder.com\/journalismus\/wp-content\/uploads\/2021\/10\/usp-podcast-blog-teaser.jpg","datePublished":"2021-10-18T08:11:41+00:00","dateModified":"2026-01-14T07:32:42+00:00","author":{"@id":"https:\/\/juergenkroder.com\/journalismus\/#\/schema\/person\/28235210f16871bd79a64369c9141d5d"},"description":"Was viele nicht wissen: Wenn Mitarbeiter im Home Office arbeiten, sind diverse gesetzliche Anforderungen zu erf\u00fcllen! Das gilt es zu beachten.","breadcrumb":{"@id":"https:\/\/juergenkroder.com\/journalismus\/home-office-arbeitsplatz-einrichten\/#breadcrumb"},"inLanguage":"de","potentialAction":[{"@type":"ReadAction","target":["https:\/\/juergenkroder.com\/journalismus\/home-office-arbeitsplatz-einrichten\/"]}]},{"@type":"ImageObject","inLanguage":"de","@id":"https:\/\/juergenkroder.com\/journalismus\/home-office-arbeitsplatz-einrichten\/#primaryimage","url":"https:\/\/juergenkroder.com\/journalismus\/wp-content\/uploads\/2021\/10\/usp-podcast-blog-teaser.jpg","contentUrl":"https:\/\/juergenkroder.com\/journalismus\/wp-content\/uploads\/2021\/10\/usp-podcast-blog-teaser.jpg","width":700,"height":311},{"@type":"BreadcrumbList","@id":"https:\/\/juergenkroder.com\/journalismus\/home-office-arbeitsplatz-einrichten\/#breadcrumb","itemListElement":[{"@type":"ListItem","position":1,"name":"Startseite","item":"https:\/\/juergenkroder.com\/journalismus\/"},{"@type":"ListItem","position":2,"name":"Wie richtet man einen Home-Office-Arbeitsplatz ein?"}]},{"@type":"WebSite","@id":"https:\/\/juergenkroder.com\/journalismus\/#website","url":"https:\/\/juergenkroder.com\/journalismus\/","name":"[ J\u00dcRGEN KRODER ]","description":"Ihr Texter, Fachautor &amp; Journalist f\u00fcr Digitalisierung, IT, KI, Tech, Start-ups und Marketing","potentialAction":[{"@type":"SearchAction","target":{"@type":"EntryPoint","urlTemplate":"https:\/\/juergenkroder.com\/journalismus\/?s={search_term_string}"},"query-input":{"@type":"PropertyValueSpecification","valueRequired":true,"valueName":"search_term_string"}}],"inLanguage":"de"},{"@type":"Person","@id":"https:\/\/juergenkroder.com\/journalismus\/#\/schema\/person\/28235210f16871bd79a64369c9141d5d","name":"J\u00fcrgen Kroder","description":"Ich liebe Digitalisierung, KI, StartUps und Marketing. Deswegen schreibe ich als freier Fachautor f\u00fcr bekannte Publikationen \u00fcber diese Themengebiete. Und ich unterst\u00fctze als Marketing-Berater StartUps und mittelst\u00e4ndische Unternehmen bei ihrer Marketing-Strategie. Zudem arbeite ich noch als KI- und ChatGPT-Coach, um Anf\u00e4ngern den Einstieg zu erleichtern.","sameAs":["http:\/\/juergenkroder.com\/","https:\/\/www.linkedin.com\/in\/jrgen-kroder-48272a51\/","https:\/\/x.com\/juergenkroder"],"url":"https:\/\/juergenkroder.com\/journalismus\/author\/juergen\/"}]}},"jetpack_featured_media_url":"","jetpack_shortlink":"https:\/\/wp.me\/pcqtTx-HM","jetpack-related-posts":[{"id":852,"url":"https:\/\/juergenkroder.com\/journalismus\/home-office-tipps\/","url_meta":{"origin":2714,"position":0},"title":"Was euer Home Office mit meinem alten Opel Kadett gemeinsam hat","author":"J\u00fcrgen Kroder","date":"29. M\u00e4rz 2020","format":false,"excerpt":"Viele Menschen empfinden Home Office als unangenehm. Wenn ihr Heimarbeitsplatz so wie mein alter Opel Kadett ist, kann ich das verstehen. Das kann man dagegen tun. Zweckm\u00e4\u00dfig, aber nicht komfortabel Vor rund 20 Jahren besa\u00df ich einen Opel Kadett. Der war h\u00e4sslich, durchgerostet, aber g\u00fcnstig. Und er brachte mich von\u2026","rel":"","context":"In &quot;Digitalisierung&quot;","block_context":{"text":"Digitalisierung","link":"https:\/\/juergenkroder.com\/journalismus\/category\/digitalisierung\/"},"img":{"alt_text":"Opel Kadett (Bild: J\u00fcrgen Kroder)","src":"https:\/\/i0.wp.com\/juergenkroder.com\/journalismus\/wp-content\/uploads\/2020\/03\/opel-kadett.jpg?resize=350%2C200","width":350,"height":200,"srcset":"https:\/\/i0.wp.com\/juergenkroder.com\/journalismus\/wp-content\/uploads\/2020\/03\/opel-kadett.jpg?resize=350%2C200 1x, https:\/\/i0.wp.com\/juergenkroder.com\/journalismus\/wp-content\/uploads\/2020\/03\/opel-kadett.jpg?resize=525%2C300 1.5x, https:\/\/i0.wp.com\/juergenkroder.com\/journalismus\/wp-content\/uploads\/2020\/03\/opel-kadett.jpg?resize=700%2C400 2x"},"classes":[]},{"id":2488,"url":"https:\/\/juergenkroder.com\/journalismus\/warum-sollte-man-regelmaessig-seinen-job-wechseln\/","url_meta":{"origin":2714,"position":1},"title":"Warum sollte man regelm\u00e4\u00dfig seinen Job wechseln?","author":"J\u00fcrgen Kroder","date":"11. Juli 2021","format":false,"excerpt":"Und: Wie k\u00f6nnen Arbeitnehmer ganz einfach und digital ihren Job mit anderen tauschen? Die Antworten gibt\u2019s in dieser Podcast-Folge. Stau, Stau, Stau: Die 'guten, alten Zeiten' sind zur\u00fcck Die Corona-Krise scheint sich dem Ende zu n\u00e4hern, Home Office wird deshalb seltener. Millionen Arbeitnehmer pendeln wie fr\u00fcher ins B\u00fcro und abends\u2026","rel":"","context":"In &quot;Marketing&quot;","block_context":{"text":"Marketing","link":"https:\/\/juergenkroder.com\/journalismus\/category\/marketing\/"},"img":{"alt_text":"","src":"https:\/\/i0.wp.com\/juergenkroder.com\/journalismus\/wp-content\/uploads\/2021\/07\/usp-podcast-blog-34.jpg?resize=350%2C200&ssl=1","width":350,"height":200,"srcset":"https:\/\/i0.wp.com\/juergenkroder.com\/journalismus\/wp-content\/uploads\/2021\/07\/usp-podcast-blog-34.jpg?resize=350%2C200&ssl=1 1x, https:\/\/i0.wp.com\/juergenkroder.com\/journalismus\/wp-content\/uploads\/2021\/07\/usp-podcast-blog-34.jpg?resize=525%2C300&ssl=1 1.5x, https:\/\/i0.wp.com\/juergenkroder.com\/journalismus\/wp-content\/uploads\/2021\/07\/usp-podcast-blog-34.jpg?resize=700%2C400&ssl=1 2x"},"classes":[]},{"id":895,"url":"https:\/\/juergenkroder.com\/journalismus\/wie-das-marketing-zum-digitalisierungs-booster-wird\/","url_meta":{"origin":2714,"position":2},"title":"Wie das Marketing zum Digitalisierungs-Booster wird","author":"J\u00fcrgen Kroder","date":"24. April 2021","format":false,"excerpt":"Nein, die Digitalisierung eines Unternehmens muss nicht von der IT-Abteilung aus gesteuert werden! Das Marketing kann das auch \u00fcbernehmen. So gelingt das. Hinweis: Den Inhalt dieses Blogbeitrags kannst du auch in ausf\u00fchrlicher Form in folgender Podcast-Folge anh\u00f6ren: Das Marketing als Treiber der Digitalen Transformation Wie schon in meinem Beitrag \u201cDeshalb\u2026","rel":"","context":"In &quot;Digitalisierung&quot;","block_context":{"text":"Digitalisierung","link":"https:\/\/juergenkroder.com\/journalismus\/category\/digitalisierung\/"},"img":{"alt_text":"Digitalisierung \u00fcber Marketing (Bild: Pixabay)","src":"https:\/\/i0.wp.com\/juergenkroder.com\/journalismus\/wp-content\/uploads\/2022\/04\/digitalisierung-ueber-marketing.jpg?resize=350%2C200&ssl=1","width":350,"height":200,"srcset":"https:\/\/i0.wp.com\/juergenkroder.com\/journalismus\/wp-content\/uploads\/2022\/04\/digitalisierung-ueber-marketing.jpg?resize=350%2C200&ssl=1 1x, https:\/\/i0.wp.com\/juergenkroder.com\/journalismus\/wp-content\/uploads\/2022\/04\/digitalisierung-ueber-marketing.jpg?resize=525%2C300&ssl=1 1.5x, https:\/\/i0.wp.com\/juergenkroder.com\/journalismus\/wp-content\/uploads\/2022\/04\/digitalisierung-ueber-marketing.jpg?resize=700%2C400&ssl=1 2x"},"classes":[]},{"id":641,"url":"https:\/\/juergenkroder.com\/journalismus\/digitalisierung-mitarbeiter-digitalkompetenz\/","url_meta":{"origin":2714,"position":3},"title":"Bitte, liebe Unternehmer: Make Digitalisierung sexy!","author":"J\u00fcrgen Kroder","date":"12. November 2020","format":false,"excerpt":"Es kracht bei der Digitalen Transformation deutscher Unternehmen. Warum? Weil das Thema Digitalisierung noch nicht \"sexy\" genug ist. So geht's besser. Die zwei Welten der Digitalisierung Hach, mit der Digitalisierung ist es zum Verr\u00fccktwerden! Wie in meinem Blogbeitrag \u201cObwohl wir digital leben, kommt die Digitalisierung nicht voran\u201d beschrieben, agieren die\u2026","rel":"","context":"In &quot;Digitalisierung&quot;","block_context":{"text":"Digitalisierung","link":"https:\/\/juergenkroder.com\/journalismus\/category\/digitalisierung\/"},"img":{"alt_text":"","src":"https:\/\/i0.wp.com\/juergenkroder.com\/journalismus\/wp-content\/uploads\/2020\/03\/digitalisierung-make-it-sex.jpg?resize=350%2C200&ssl=1","width":350,"height":200,"srcset":"https:\/\/i0.wp.com\/juergenkroder.com\/journalismus\/wp-content\/uploads\/2020\/03\/digitalisierung-make-it-sex.jpg?resize=350%2C200&ssl=1 1x, https:\/\/i0.wp.com\/juergenkroder.com\/journalismus\/wp-content\/uploads\/2020\/03\/digitalisierung-make-it-sex.jpg?resize=525%2C300&ssl=1 1.5x, https:\/\/i0.wp.com\/juergenkroder.com\/journalismus\/wp-content\/uploads\/2020\/03\/digitalisierung-make-it-sex.jpg?resize=700%2C400&ssl=1 2x"},"classes":[]},{"id":2452,"url":"https:\/\/juergenkroder.com\/journalismus\/podcast-vorbereitung-checkliste\/","url_meta":{"origin":2714,"position":4},"title":"Vorbereitung einer Podcast-Aufnahme: Checkliste f\u00fcr Podcaster und ihre G\u00e4ste","author":"J\u00fcrgen Kroder","date":"10. September 2023","format":false,"excerpt":"Du willst einen Podcast aufnehmen? Oder du bist zu Gast in einem Podcast? Hier eine Checkliste f\u00fcr die perfekte Vorbereitung. Podcast-Aufnahme: Was ist zu beachten? Wenn man podcasten will, muss man ein paar H\u00fcrden nehmen. Wie du einen guten Einstieg ins \u201cAudiobloggen\u201d kriegst, erkl\u00e4rte Franziska Kr\u00f6ger in der 12. Folge\u2026","rel":"","context":"In &quot;Marketing&quot;","block_context":{"text":"Marketing","link":"https:\/\/juergenkroder.com\/journalismus\/category\/marketing\/"},"img":{"alt_text":"","src":"https:\/\/i0.wp.com\/juergenkroder.com\/journalismus\/wp-content\/uploads\/2021\/06\/checkliste-podcast-vorbereitung.jpg?resize=350%2C200&ssl=1","width":350,"height":200,"srcset":"https:\/\/i0.wp.com\/juergenkroder.com\/journalismus\/wp-content\/uploads\/2021\/06\/checkliste-podcast-vorbereitung.jpg?resize=350%2C200&ssl=1 1x, https:\/\/i0.wp.com\/juergenkroder.com\/journalismus\/wp-content\/uploads\/2021\/06\/checkliste-podcast-vorbereitung.jpg?resize=525%2C300&ssl=1 1.5x, https:\/\/i0.wp.com\/juergenkroder.com\/journalismus\/wp-content\/uploads\/2021\/06\/checkliste-podcast-vorbereitung.jpg?resize=700%2C400&ssl=1 2x"},"classes":[]},{"id":3088,"url":"https:\/\/juergenkroder.com\/journalismus\/podcast-systemhaertung-unternehmen\/","url_meta":{"origin":2714,"position":5},"title":"Systemh\u00e4rtung: Weshalb ist das f\u00fcr kleine und gro\u00dfe Unternehmen wichtig?","author":"J\u00fcrgen Kroder","date":"15. Mai 2022","format":false,"excerpt":"Wie k\u00f6nnen StartUps und auch Konzerne ihre IT-Systeme sicherer machen? Hier ein paar grundlegende Tipps. Datenkraken und Cybergangster gef\u00e4hrden das \u00dcberleben von Unternehmen. Sichere deshalb deine Systeme richtig ab! Wie das geht, verr\u00e4t Florian Br\u00f6der im Podcast-Gespr\u00e4ch. Florian ist Experte f\u00fcr IT-Sicherheit und Spezialist f\u00fcr Systemh\u00e4rtung. Das H\u00e4rten von Systemen\u2026","rel":"","context":"In &quot;Digitalisierung&quot;","block_context":{"text":"Digitalisierung","link":"https:\/\/juergenkroder.com\/journalismus\/category\/digitalisierung\/"},"img":{"alt_text":"","src":"https:\/\/i0.wp.com\/juergenkroder.com\/journalismus\/wp-content\/uploads\/2022\/05\/systemhaertung-startup.jpg?resize=350%2C200&ssl=1","width":350,"height":200,"srcset":"https:\/\/i0.wp.com\/juergenkroder.com\/journalismus\/wp-content\/uploads\/2022\/05\/systemhaertung-startup.jpg?resize=350%2C200&ssl=1 1x, https:\/\/i0.wp.com\/juergenkroder.com\/journalismus\/wp-content\/uploads\/2022\/05\/systemhaertung-startup.jpg?resize=525%2C300&ssl=1 1.5x, https:\/\/i0.wp.com\/juergenkroder.com\/journalismus\/wp-content\/uploads\/2022\/05\/systemhaertung-startup.jpg?resize=700%2C400&ssl=1 2x"},"classes":[]}],"jetpack_sharing_enabled":true,"_links":{"self":[{"href":"https:\/\/juergenkroder.com\/journalismus\/wp-json\/wp\/v2\/posts\/2714","targetHints":{"allow":["GET"]}}],"collection":[{"href":"https:\/\/juergenkroder.com\/journalismus\/wp-json\/wp\/v2\/posts"}],"about":[{"href":"https:\/\/juergenkroder.com\/journalismus\/wp-json\/wp\/v2\/types\/post"}],"author":[{"embeddable":true,"href":"https:\/\/juergenkroder.com\/journalismus\/wp-json\/wp\/v2\/users\/2"}],"replies":[{"embeddable":true,"href":"https:\/\/juergenkroder.com\/journalismus\/wp-json\/wp\/v2\/comments?post=2714"}],"version-history":[{"count":9,"href":"https:\/\/juergenkroder.com\/journalismus\/wp-json\/wp\/v2\/posts\/2714\/revisions"}],"predecessor-version":[{"id":6751,"href":"https:\/\/juergenkroder.com\/journalismus\/wp-json\/wp\/v2\/posts\/2714\/revisions\/6751"}],"wp:attachment":[{"href":"https:\/\/juergenkroder.com\/journalismus\/wp-json\/wp\/v2\/media?parent=2714"}],"wp:term":[{"taxonomy":"category","embeddable":true,"href":"https:\/\/juergenkroder.com\/journalismus\/wp-json\/wp\/v2\/categories?post=2714"},{"taxonomy":"post_tag","embeddable":true,"href":"https:\/\/juergenkroder.com\/journalismus\/wp-json\/wp\/v2\/tags?post=2714"}],"curies":[{"name":"wp","href":"https:\/\/api.w.org\/{rel}","templated":true}]}}