{"id":2802,"date":"2022-01-10T21:19:08","date_gmt":"2022-01-10T20:19:08","guid":{"rendered":"https:\/\/juergenkroder.com\/journalismus\/?p=2802"},"modified":"2025-02-18T12:09:17","modified_gmt":"2025-02-18T11:09:17","slug":"instagram-hashtags-einsetzen","status":"publish","type":"post","link":"https:\/\/juergenkroder.com\/journalismus\/instagram-hashtags-einsetzen\/","title":{"rendered":"Instagram: Wie setzt du Hashtags richtig ein?"},"content":{"rendered":"<p><img loading=\"lazy\" decoding=\"async\" class=\"size-full wp-image-1016\" src=\"https:\/\/juergenkroder.com\/journalismus\/wp-content\/uploads\/2022\/01\/instagram-hashtag.jpg\" alt=\"\" width=\"900\" height=\"400\" \/><\/p>\n<p><strong>M\u00f6chtest du deinen Instagram-Kanal bekannter machen und mehr Follower gewinnen? Dann konzentriere dich intensiv auf die Hashtags!<\/strong><\/p>\n<p><!--more--><\/p>\n<p>Was sind gute Hashtags, welche eignen sich weniger? Wie findest du die relevantesten Hashtags? Und an welche Dinge musst du beim Einsatz denken?<\/p>\n<p>Die Antworten bekommst du in dieser Podcast-Folge! Zu Gast ist Julia Hinger, eine Instagram- und Social-Media-Expertin.<\/p>\n<div class=\"jetpack-video-wrapper\"><span class=\"embed-youtube\" style=\"text-align:center; display: block;\"><iframe loading=\"lazy\" class=\"youtube-player\" width=\"700\" height=\"394\" src=\"https:\/\/www.youtube.com\/embed\/7NMnvuOigX0?version=3&#038;rel=1&#038;showsearch=0&#038;showinfo=1&#038;iv_load_policy=1&#038;fs=1&#038;hl=de-DE&#038;autohide=2&#038;wmode=transparent\" allowfullscreen=\"true\" style=\"border:0;\" sandbox=\"allow-scripts allow-same-origin allow-popups allow-presentation allow-popups-to-escape-sandbox\"><\/iframe><\/span><\/div>\n<p>&nbsp;<\/p>\n","protected":false},"excerpt":{"rendered":"<p>M\u00f6chtest du deinen Instagram-Kanal bekannter machen und mehr Follower gewinnen? Dann konzentriere dich intensiv auf die Hashtags!<\/p>\n","protected":false},"author":2,"featured_media":0,"comment_status":"open","ping_status":"open","sticky":false,"template":"","format":"standard","meta":{"_jetpack_memberships_contains_paid_content":false,"footnotes":"","_links_to":"","_links_to_target":""},"categories":[29],"tags":[109,30,74,106,122],"class_list":["post-2802","post","type-post","status-publish","format-standard","hentry","category-marketing","tag-instagram","tag-onlinemarketing","tag-podcast","tag-social-media","tag-usp-marketing-podcast","no-thumbnail"],"yoast_head":"<!-- This site is optimized with the Yoast SEO plugin v27.5 - https:\/\/yoast.com\/product\/yoast-seo-wordpress\/ -->\n<title>Instagram: Wie setzt du Hashtags richtig ein? - [ J\u00dcRGEN KRODER ]<\/title>\n<meta name=\"description\" content=\"M\u00f6chtest du deinen Instagram-Kanal bekannter machen und mehr Follower gewinnen? Dann konzentriere dich intensiv auf die Hashtags!\" \/>\n<meta name=\"robots\" content=\"index, follow, max-snippet:-1, max-image-preview:large, max-video-preview:-1\" \/>\n<link rel=\"canonical\" href=\"https:\/\/juergenkroder.com\/journalismus\/instagram-hashtags-einsetzen\/\" \/>\n<meta property=\"og:locale\" content=\"de_DE\" \/>\n<meta property=\"og:type\" content=\"article\" \/>\n<meta property=\"og:title\" content=\"Instagram: Wie setzt du Hashtags richtig ein? - [ J\u00dcRGEN KRODER ]\" \/>\n<meta property=\"og:description\" content=\"M\u00f6chtest du deinen Instagram-Kanal bekannter machen und mehr Follower gewinnen? Dann konzentriere dich intensiv auf die Hashtags!\" \/>\n<meta property=\"og:url\" content=\"https:\/\/juergenkroder.com\/journalismus\/instagram-hashtags-einsetzen\/\" \/>\n<meta property=\"og:site_name\" content=\"[ J\u00dcRGEN KRODER ]\" \/>\n<meta property=\"article:published_time\" content=\"2022-01-10T20:19:08+00:00\" \/>\n<meta property=\"article:modified_time\" content=\"2025-02-18T11:09:17+00:00\" \/>\n<meta property=\"og:image\" content=\"https:\/\/juergenkroder.com\/journalismus\/wp-content\/uploads\/2020\/04\/marketing-timing.jpg\" \/>\n\t<meta property=\"og:image:width\" content=\"900\" \/>\n\t<meta property=\"og:image:height\" content=\"400\" \/>\n\t<meta property=\"og:image:type\" content=\"image\/jpeg\" \/>\n<meta name=\"author\" content=\"J\u00fcrgen Kroder\" \/>\n<meta name=\"twitter:card\" content=\"summary_large_image\" \/>\n<meta name=\"twitter:creator\" content=\"@juergenkroder\" \/>\n<meta name=\"twitter:label1\" content=\"Verfasst von\" \/>\n\t<meta name=\"twitter:data1\" content=\"J\u00fcrgen Kroder\" \/>\n\t<meta name=\"twitter:label2\" content=\"Gesch\u00e4tzte Lesezeit\" \/>\n\t<meta name=\"twitter:data2\" content=\"1\u00a0Minute\" \/>\n<script type=\"application\/ld+json\" class=\"yoast-schema-graph\">{\"@context\":\"https:\\\/\\\/schema.org\",\"@graph\":[{\"@type\":\"Article\",\"@id\":\"https:\\\/\\\/juergenkroder.com\\\/journalismus\\\/instagram-hashtags-einsetzen\\\/#article\",\"isPartOf\":{\"@id\":\"https:\\\/\\\/juergenkroder.com\\\/journalismus\\\/instagram-hashtags-einsetzen\\\/\"},\"author\":{\"name\":\"J\u00fcrgen Kroder\",\"@id\":\"https:\\\/\\\/juergenkroder.com\\\/journalismus\\\/#\\\/schema\\\/person\\\/28235210f16871bd79a64369c9141d5d\"},\"headline\":\"Instagram: Wie setzt du Hashtags richtig ein?\",\"datePublished\":\"2022-01-10T20:19:08+00:00\",\"dateModified\":\"2025-02-18T11:09:17+00:00\",\"mainEntityOfPage\":{\"@id\":\"https:\\\/\\\/juergenkroder.com\\\/journalismus\\\/instagram-hashtags-einsetzen\\\/\"},\"wordCount\":73,\"commentCount\":0,\"image\":{\"@id\":\"https:\\\/\\\/juergenkroder.com\\\/journalismus\\\/instagram-hashtags-einsetzen\\\/#primaryimage\"},\"thumbnailUrl\":\"https:\\\/\\\/juergenkroder.com\\\/journalismus\\\/wp-content\\\/uploads\\\/2022\\\/01\\\/instagram-hashtag.jpg\",\"keywords\":[\"Instagram\",\"Onlinemarketing\",\"Podcast\",\"Social Media\",\"USP Marketing Podcast \\\/ StartUpWissen Podcast\"],\"articleSection\":[\"Marketing\"],\"inLanguage\":\"de\",\"potentialAction\":[{\"@type\":\"CommentAction\",\"name\":\"Comment\",\"target\":[\"https:\\\/\\\/juergenkroder.com\\\/journalismus\\\/instagram-hashtags-einsetzen\\\/#respond\"]}]},{\"@type\":\"WebPage\",\"@id\":\"https:\\\/\\\/juergenkroder.com\\\/journalismus\\\/instagram-hashtags-einsetzen\\\/\",\"url\":\"https:\\\/\\\/juergenkroder.com\\\/journalismus\\\/instagram-hashtags-einsetzen\\\/\",\"name\":\"Instagram: Wie setzt du Hashtags richtig ein? - [ J\u00dcRGEN KRODER ]\",\"isPartOf\":{\"@id\":\"https:\\\/\\\/juergenkroder.com\\\/journalismus\\\/#website\"},\"primaryImageOfPage\":{\"@id\":\"https:\\\/\\\/juergenkroder.com\\\/journalismus\\\/instagram-hashtags-einsetzen\\\/#primaryimage\"},\"image\":{\"@id\":\"https:\\\/\\\/juergenkroder.com\\\/journalismus\\\/instagram-hashtags-einsetzen\\\/#primaryimage\"},\"thumbnailUrl\":\"https:\\\/\\\/juergenkroder.com\\\/journalismus\\\/wp-content\\\/uploads\\\/2022\\\/01\\\/instagram-hashtag.jpg\",\"datePublished\":\"2022-01-10T20:19:08+00:00\",\"dateModified\":\"2025-02-18T11:09:17+00:00\",\"author\":{\"@id\":\"https:\\\/\\\/juergenkroder.com\\\/journalismus\\\/#\\\/schema\\\/person\\\/28235210f16871bd79a64369c9141d5d\"},\"description\":\"M\u00f6chtest du deinen Instagram-Kanal bekannter machen und mehr Follower gewinnen? Dann konzentriere dich intensiv auf die Hashtags!\",\"breadcrumb\":{\"@id\":\"https:\\\/\\\/juergenkroder.com\\\/journalismus\\\/instagram-hashtags-einsetzen\\\/#breadcrumb\"},\"inLanguage\":\"de\",\"potentialAction\":[{\"@type\":\"ReadAction\",\"target\":[\"https:\\\/\\\/juergenkroder.com\\\/journalismus\\\/instagram-hashtags-einsetzen\\\/\"]}]},{\"@type\":\"ImageObject\",\"inLanguage\":\"de\",\"@id\":\"https:\\\/\\\/juergenkroder.com\\\/journalismus\\\/instagram-hashtags-einsetzen\\\/#primaryimage\",\"url\":\"https:\\\/\\\/juergenkroder.com\\\/journalismus\\\/wp-content\\\/uploads\\\/2022\\\/01\\\/instagram-hashtag.jpg\",\"contentUrl\":\"https:\\\/\\\/juergenkroder.com\\\/journalismus\\\/wp-content\\\/uploads\\\/2022\\\/01\\\/instagram-hashtag.jpg\",\"width\":900,\"height\":400},{\"@type\":\"BreadcrumbList\",\"@id\":\"https:\\\/\\\/juergenkroder.com\\\/journalismus\\\/instagram-hashtags-einsetzen\\\/#breadcrumb\",\"itemListElement\":[{\"@type\":\"ListItem\",\"position\":1,\"name\":\"Startseite\",\"item\":\"https:\\\/\\\/juergenkroder.com\\\/journalismus\\\/\"},{\"@type\":\"ListItem\",\"position\":2,\"name\":\"Instagram: Wie setzt du Hashtags richtig ein?\"}]},{\"@type\":\"WebSite\",\"@id\":\"https:\\\/\\\/juergenkroder.com\\\/journalismus\\\/#website\",\"url\":\"https:\\\/\\\/juergenkroder.com\\\/journalismus\\\/\",\"name\":\"[ J\u00dcRGEN KRODER ]\",\"description\":\"Ihr Texter, Fachautor &amp; Journalist f\u00fcr Digitalisierung, IT, KI, Tech, Start-ups und Marketing\",\"potentialAction\":[{\"@type\":\"SearchAction\",\"target\":{\"@type\":\"EntryPoint\",\"urlTemplate\":\"https:\\\/\\\/juergenkroder.com\\\/journalismus\\\/?s={search_term_string}\"},\"query-input\":{\"@type\":\"PropertyValueSpecification\",\"valueRequired\":true,\"valueName\":\"search_term_string\"}}],\"inLanguage\":\"de\"},{\"@type\":\"Person\",\"@id\":\"https:\\\/\\\/juergenkroder.com\\\/journalismus\\\/#\\\/schema\\\/person\\\/28235210f16871bd79a64369c9141d5d\",\"name\":\"J\u00fcrgen Kroder\",\"description\":\"Ich liebe Digitalisierung, KI, StartUps und Marketing. Deswegen schreibe ich als freier Fachautor f\u00fcr bekannte Publikationen \u00fcber diese Themengebiete. Und ich unterst\u00fctze als Marketing-Berater StartUps und mittelst\u00e4ndische Unternehmen bei ihrer Marketing-Strategie. Zudem arbeite ich noch als KI- und ChatGPT-Coach, um Anf\u00e4ngern den Einstieg zu erleichtern.\",\"sameAs\":[\"http:\\\/\\\/juergenkroder.com\\\/\",\"https:\\\/\\\/www.linkedin.com\\\/in\\\/jrgen-kroder-48272a51\\\/\",\"https:\\\/\\\/x.com\\\/juergenkroder\"],\"url\":\"https:\\\/\\\/juergenkroder.com\\\/journalismus\\\/author\\\/juergen\\\/\"}]}<\/script>\n<!-- \/ Yoast SEO plugin. -->","yoast_head_json":{"title":"Instagram: Wie setzt du Hashtags richtig ein? - [ J\u00dcRGEN KRODER ]","description":"M\u00f6chtest du deinen Instagram-Kanal bekannter machen und mehr Follower gewinnen? Dann konzentriere dich intensiv auf die Hashtags!","robots":{"index":"index","follow":"follow","max-snippet":"max-snippet:-1","max-image-preview":"max-image-preview:large","max-video-preview":"max-video-preview:-1"},"canonical":"https:\/\/juergenkroder.com\/journalismus\/instagram-hashtags-einsetzen\/","og_locale":"de_DE","og_type":"article","og_title":"Instagram: Wie setzt du Hashtags richtig ein? - [ J\u00dcRGEN KRODER ]","og_description":"M\u00f6chtest du deinen Instagram-Kanal bekannter machen und mehr Follower gewinnen? Dann konzentriere dich intensiv auf die Hashtags!","og_url":"https:\/\/juergenkroder.com\/journalismus\/instagram-hashtags-einsetzen\/","og_site_name":"[ J\u00dcRGEN KRODER ]","article_published_time":"2022-01-10T20:19:08+00:00","article_modified_time":"2025-02-18T11:09:17+00:00","og_image":[{"width":900,"height":400,"url":"https:\/\/juergenkroder.com\/journalismus\/wp-content\/uploads\/2020\/04\/marketing-timing.jpg","type":"image\/jpeg"}],"author":"J\u00fcrgen Kroder","twitter_card":"summary_large_image","twitter_creator":"@juergenkroder","twitter_misc":{"Verfasst von":"J\u00fcrgen Kroder","Gesch\u00e4tzte Lesezeit":"1\u00a0Minute"},"schema":{"@context":"https:\/\/schema.org","@graph":[{"@type":"Article","@id":"https:\/\/juergenkroder.com\/journalismus\/instagram-hashtags-einsetzen\/#article","isPartOf":{"@id":"https:\/\/juergenkroder.com\/journalismus\/instagram-hashtags-einsetzen\/"},"author":{"name":"J\u00fcrgen Kroder","@id":"https:\/\/juergenkroder.com\/journalismus\/#\/schema\/person\/28235210f16871bd79a64369c9141d5d"},"headline":"Instagram: Wie setzt du Hashtags richtig ein?","datePublished":"2022-01-10T20:19:08+00:00","dateModified":"2025-02-18T11:09:17+00:00","mainEntityOfPage":{"@id":"https:\/\/juergenkroder.com\/journalismus\/instagram-hashtags-einsetzen\/"},"wordCount":73,"commentCount":0,"image":{"@id":"https:\/\/juergenkroder.com\/journalismus\/instagram-hashtags-einsetzen\/#primaryimage"},"thumbnailUrl":"https:\/\/juergenkroder.com\/journalismus\/wp-content\/uploads\/2022\/01\/instagram-hashtag.jpg","keywords":["Instagram","Onlinemarketing","Podcast","Social Media","USP Marketing Podcast \/ StartUpWissen Podcast"],"articleSection":["Marketing"],"inLanguage":"de","potentialAction":[{"@type":"CommentAction","name":"Comment","target":["https:\/\/juergenkroder.com\/journalismus\/instagram-hashtags-einsetzen\/#respond"]}]},{"@type":"WebPage","@id":"https:\/\/juergenkroder.com\/journalismus\/instagram-hashtags-einsetzen\/","url":"https:\/\/juergenkroder.com\/journalismus\/instagram-hashtags-einsetzen\/","name":"Instagram: Wie setzt du Hashtags richtig ein? - [ J\u00dcRGEN KRODER ]","isPartOf":{"@id":"https:\/\/juergenkroder.com\/journalismus\/#website"},"primaryImageOfPage":{"@id":"https:\/\/juergenkroder.com\/journalismus\/instagram-hashtags-einsetzen\/#primaryimage"},"image":{"@id":"https:\/\/juergenkroder.com\/journalismus\/instagram-hashtags-einsetzen\/#primaryimage"},"thumbnailUrl":"https:\/\/juergenkroder.com\/journalismus\/wp-content\/uploads\/2022\/01\/instagram-hashtag.jpg","datePublished":"2022-01-10T20:19:08+00:00","dateModified":"2025-02-18T11:09:17+00:00","author":{"@id":"https:\/\/juergenkroder.com\/journalismus\/#\/schema\/person\/28235210f16871bd79a64369c9141d5d"},"description":"M\u00f6chtest du deinen Instagram-Kanal bekannter machen und mehr Follower gewinnen? Dann konzentriere dich intensiv auf die Hashtags!","breadcrumb":{"@id":"https:\/\/juergenkroder.com\/journalismus\/instagram-hashtags-einsetzen\/#breadcrumb"},"inLanguage":"de","potentialAction":[{"@type":"ReadAction","target":["https:\/\/juergenkroder.com\/journalismus\/instagram-hashtags-einsetzen\/"]}]},{"@type":"ImageObject","inLanguage":"de","@id":"https:\/\/juergenkroder.com\/journalismus\/instagram-hashtags-einsetzen\/#primaryimage","url":"https:\/\/juergenkroder.com\/journalismus\/wp-content\/uploads\/2022\/01\/instagram-hashtag.jpg","contentUrl":"https:\/\/juergenkroder.com\/journalismus\/wp-content\/uploads\/2022\/01\/instagram-hashtag.jpg","width":900,"height":400},{"@type":"BreadcrumbList","@id":"https:\/\/juergenkroder.com\/journalismus\/instagram-hashtags-einsetzen\/#breadcrumb","itemListElement":[{"@type":"ListItem","position":1,"name":"Startseite","item":"https:\/\/juergenkroder.com\/journalismus\/"},{"@type":"ListItem","position":2,"name":"Instagram: Wie setzt du Hashtags richtig ein?"}]},{"@type":"WebSite","@id":"https:\/\/juergenkroder.com\/journalismus\/#website","url":"https:\/\/juergenkroder.com\/journalismus\/","name":"[ J\u00dcRGEN KRODER ]","description":"Ihr Texter, Fachautor &amp; Journalist f\u00fcr Digitalisierung, IT, KI, Tech, Start-ups und Marketing","potentialAction":[{"@type":"SearchAction","target":{"@type":"EntryPoint","urlTemplate":"https:\/\/juergenkroder.com\/journalismus\/?s={search_term_string}"},"query-input":{"@type":"PropertyValueSpecification","valueRequired":true,"valueName":"search_term_string"}}],"inLanguage":"de"},{"@type":"Person","@id":"https:\/\/juergenkroder.com\/journalismus\/#\/schema\/person\/28235210f16871bd79a64369c9141d5d","name":"J\u00fcrgen Kroder","description":"Ich liebe Digitalisierung, KI, StartUps und Marketing. Deswegen schreibe ich als freier Fachautor f\u00fcr bekannte Publikationen \u00fcber diese Themengebiete. Und ich unterst\u00fctze als Marketing-Berater StartUps und mittelst\u00e4ndische Unternehmen bei ihrer Marketing-Strategie. Zudem arbeite ich noch als KI- und ChatGPT-Coach, um Anf\u00e4ngern den Einstieg zu erleichtern.","sameAs":["http:\/\/juergenkroder.com\/","https:\/\/www.linkedin.com\/in\/jrgen-kroder-48272a51\/","https:\/\/x.com\/juergenkroder"],"url":"https:\/\/juergenkroder.com\/journalismus\/author\/juergen\/"}]}},"jetpack_featured_media_url":"","jetpack_shortlink":"https:\/\/wp.me\/pcqtTx-Jc","jetpack-related-posts":[{"id":1282,"url":"https:\/\/juergenkroder.com\/journalismus\/usp-marketing-podcast-social-media-strategie\/","url_meta":{"origin":2802,"position":0},"title":"Social Media ohne Strategie: Warum verbrennt ihr so euer Geld?","author":"J\u00fcrgen Kroder","date":"15. November 2020","format":false,"excerpt":"Planloses Posten auf Facebook, Twitter, Instagram und Co. bringt nichts. Es ist an der Zeit, das Thema Social Media richtig anzugehen! Jeder braucht einen Plan \u2013 auch auf Facebook Die Corona-Krise zwingt viele zum Umdenken. Ein Aspekt: Unser Leben wird digitaler. Endlich, wie ich finde. Nun ist der richtige Zeitpunkt,\u2026","rel":"","context":"In &quot;Marketing&quot;","block_context":{"text":"Marketing","link":"https:\/\/juergenkroder.com\/journalismus\/category\/marketing\/"},"img":{"alt_text":"Social Media Strategie im USP Marketing Podcast","src":"https:\/\/i0.wp.com\/juergenkroder.com\/journalismus\/wp-content\/uploads\/2020\/06\/usp-podcast-teaser-folge-07.jpg?resize=350%2C200&ssl=1","width":350,"height":200,"srcset":"https:\/\/i0.wp.com\/juergenkroder.com\/journalismus\/wp-content\/uploads\/2020\/06\/usp-podcast-teaser-folge-07.jpg?resize=350%2C200&ssl=1 1x, https:\/\/i0.wp.com\/juergenkroder.com\/journalismus\/wp-content\/uploads\/2020\/06\/usp-podcast-teaser-folge-07.jpg?resize=525%2C300&ssl=1 1.5x, https:\/\/i0.wp.com\/juergenkroder.com\/journalismus\/wp-content\/uploads\/2020\/06\/usp-podcast-teaser-folge-07.jpg?resize=700%2C400&ssl=1 2x"},"classes":[]},{"id":1885,"url":"https:\/\/juergenkroder.com\/journalismus\/ups-podcast-beste-social-media-zeiten\/","url_meta":{"origin":2802,"position":1},"title":"Wann ist der beste Zeitpunkt f\u00fcr Social-Media-Posts?","author":"J\u00fcrgen Kroder","date":"15. November 2020","format":false,"excerpt":"An welchen Tagen und zu welchen Uhrzeiten erreichst du die meisten Menschen auf Facebook & Co.? Eine wichtige Frage, auf die es mehrere Antworten gibt. Was sind die besten Zeiten f\u00fcr Social-Media-Beitr\u00e4ge? Morgens, mittags, abends, unter der Woche oder am Wochenende: Wann erreichen deine Posts auf Facebook, Instagram, Twitter, LinkedIn\u2026","rel":"","context":"In &quot;Marketing&quot;","block_context":{"text":"Marketing","link":"https:\/\/juergenkroder.com\/journalismus\/category\/marketing\/"},"img":{"alt_text":"Social Media Zeitplan (Bild: Blog2Social)","src":"https:\/\/i0.wp.com\/juergenkroder.com\/journalismus\/wp-content\/uploads\/2020\/11\/social-media-zeitplan.png?resize=350%2C200&ssl=1","width":350,"height":200,"srcset":"https:\/\/i0.wp.com\/juergenkroder.com\/journalismus\/wp-content\/uploads\/2020\/11\/social-media-zeitplan.png?resize=350%2C200&ssl=1 1x, https:\/\/i0.wp.com\/juergenkroder.com\/journalismus\/wp-content\/uploads\/2020\/11\/social-media-zeitplan.png?resize=525%2C300&ssl=1 1.5x, https:\/\/i0.wp.com\/juergenkroder.com\/journalismus\/wp-content\/uploads\/2020\/11\/social-media-zeitplan.png?resize=700%2C400&ssl=1 2x"},"classes":[]},{"id":2285,"url":"https:\/\/juergenkroder.com\/journalismus\/die-wichtigste-frage-im-marketing\/","url_meta":{"origin":2802,"position":2},"title":"Die wichtigste Frage im Marketing lautet \u2026 wie ?","author":"J\u00fcrgen Kroder","date":"4. April 2021","format":false,"excerpt":"Mit einer gro\u00dfen Frage vermeidest du, dass du mit deinen Marketing-Ma\u00dfnahmen unn\u00f6tig Zeit verplemperst und Geld verbrennst.\u00a0 Die gro\u00dfe NICHT-Frage Zugegeben, wenn du im Marketing t\u00e4tig bist, gibt es viele wichtige Fragen. Zum Beispiel: Wer ist meine Zielgruppe? Was m\u00f6chten meine (potentiellen) Kunden? Wie hoch ist mein Budget? Was will\u2026","rel":"","context":"In &quot;Marketing&quot;","block_context":{"text":"Marketing","link":"https:\/\/juergenkroder.com\/journalismus\/category\/marketing\/"},"img":{"alt_text":"","src":"https:\/\/i0.wp.com\/juergenkroder.com\/journalismus\/wp-content\/uploads\/2021\/04\/marketing-frage.jpg?resize=350%2C200&ssl=1","width":350,"height":200,"srcset":"https:\/\/i0.wp.com\/juergenkroder.com\/journalismus\/wp-content\/uploads\/2021\/04\/marketing-frage.jpg?resize=350%2C200&ssl=1 1x, https:\/\/i0.wp.com\/juergenkroder.com\/journalismus\/wp-content\/uploads\/2021\/04\/marketing-frage.jpg?resize=525%2C300&ssl=1 1.5x, https:\/\/i0.wp.com\/juergenkroder.com\/journalismus\/wp-content\/uploads\/2021\/04\/marketing-frage.jpg?resize=700%2C400&ssl=1 2x"},"classes":[]},{"id":884,"url":"https:\/\/juergenkroder.com\/journalismus\/eis-ueber-instagram-verkaufen-warum-nicht\/","url_meta":{"origin":2802,"position":3},"title":"Eis \u00fcber Instagram verkaufen &#8211; warum nicht?","author":"J\u00fcrgen Kroder","date":"7. April 2020","format":false,"excerpt":"Die Corona-Krise macht viele Unternehmer kreativ. Und sie zwingt sie, digitale Vertriebs- und Marketing-Wege einzuschlagen, um die Kunden zu erreichen. Das finde ich klasse! Die Digitalisierung als Business-Lebensretter Yogalehrer, die ihre Kurse \u00fcber Facebook Live oder per Skype anbieten; Kindergarten-Gruppen, bei denen die Kids \u00fcber Zoom quatschen; Lehrer, die \u00fcber\u2026","rel":"","context":"In &quot;Digitalisierung&quot;","block_context":{"text":"Digitalisierung","link":"https:\/\/juergenkroder.com\/journalismus\/category\/digitalisierung\/"},"img":{"alt_text":"Eis (Bild: J\u00fcrgen Kroder)","src":"https:\/\/i0.wp.com\/juergenkroder.com\/journalismus\/wp-content\/uploads\/2020\/04\/eis-digitalisierung.jpg?resize=350%2C200","width":350,"height":200,"srcset":"https:\/\/i0.wp.com\/juergenkroder.com\/journalismus\/wp-content\/uploads\/2020\/04\/eis-digitalisierung.jpg?resize=350%2C200 1x, https:\/\/i0.wp.com\/juergenkroder.com\/journalismus\/wp-content\/uploads\/2020\/04\/eis-digitalisierung.jpg?resize=525%2C300 1.5x, https:\/\/i0.wp.com\/juergenkroder.com\/journalismus\/wp-content\/uploads\/2020\/04\/eis-digitalisierung.jpg?resize=700%2C400 2x"},"classes":[]},{"id":895,"url":"https:\/\/juergenkroder.com\/journalismus\/wie-das-marketing-zum-digitalisierungs-booster-wird\/","url_meta":{"origin":2802,"position":4},"title":"Wie das Marketing zum Digitalisierungs-Booster wird","author":"J\u00fcrgen Kroder","date":"24. April 2021","format":false,"excerpt":"Nein, die Digitalisierung eines Unternehmens muss nicht von der IT-Abteilung aus gesteuert werden! Das Marketing kann das auch \u00fcbernehmen. So gelingt das. Hinweis: Den Inhalt dieses Blogbeitrags kannst du auch in ausf\u00fchrlicher Form in folgender Podcast-Folge anh\u00f6ren: Das Marketing als Treiber der Digitalen Transformation Wie schon in meinem Beitrag \u201cDeshalb\u2026","rel":"","context":"In &quot;Digitalisierung&quot;","block_context":{"text":"Digitalisierung","link":"https:\/\/juergenkroder.com\/journalismus\/category\/digitalisierung\/"},"img":{"alt_text":"Digitalisierung \u00fcber Marketing (Bild: Pixabay)","src":"https:\/\/i0.wp.com\/juergenkroder.com\/journalismus\/wp-content\/uploads\/2022\/04\/digitalisierung-ueber-marketing.jpg?resize=350%2C200&ssl=1","width":350,"height":200,"srcset":"https:\/\/i0.wp.com\/juergenkroder.com\/journalismus\/wp-content\/uploads\/2022\/04\/digitalisierung-ueber-marketing.jpg?resize=350%2C200&ssl=1 1x, https:\/\/i0.wp.com\/juergenkroder.com\/journalismus\/wp-content\/uploads\/2022\/04\/digitalisierung-ueber-marketing.jpg?resize=525%2C300&ssl=1 1.5x, https:\/\/i0.wp.com\/juergenkroder.com\/journalismus\/wp-content\/uploads\/2022\/04\/digitalisierung-ueber-marketing.jpg?resize=700%2C400&ssl=1 2x"},"classes":[]},{"id":1252,"url":"https:\/\/juergenkroder.com\/journalismus\/content-gehaltvolle-relevante-inhalte\/","url_meta":{"origin":2802,"position":5},"title":"Masse ohne Klasse: Bitte, macht nicht diesen Content-Fehler!","author":"J\u00fcrgen Kroder","date":"29. Juni 2020","format":false,"excerpt":"Content, Content und noch mehr Content: An allen Ecken des Webs sprie\u00dfen Inhalte hervor. Allerdings fehlt bei vielen etwas Essentielles. Content = Inhalt? Nein. Was ist Content? Die simple Antwort lautet: \u201cContent\u201d bedeutet \u00fcbersetzt \u201cInhalt\u201d. Ja, das stimmt - aber nur bis zu einem gewissen Grad. Der Begriff \u201cContent\u201d wird\u2026","rel":"","context":"In &quot;Marketing&quot;","block_context":{"text":"Marketing","link":"https:\/\/juergenkroder.com\/journalismus\/category\/marketing\/"},"img":{"alt_text":"","src":"https:\/\/i0.wp.com\/juergenkroder.com\/journalismus\/wp-content\/uploads\/2020\/06\/content-gehaltvolle-inhalte.jpg?resize=350%2C200&ssl=1","width":350,"height":200,"srcset":"https:\/\/i0.wp.com\/juergenkroder.com\/journalismus\/wp-content\/uploads\/2020\/06\/content-gehaltvolle-inhalte.jpg?resize=350%2C200&ssl=1 1x, https:\/\/i0.wp.com\/juergenkroder.com\/journalismus\/wp-content\/uploads\/2020\/06\/content-gehaltvolle-inhalte.jpg?resize=525%2C300&ssl=1 1.5x, https:\/\/i0.wp.com\/juergenkroder.com\/journalismus\/wp-content\/uploads\/2020\/06\/content-gehaltvolle-inhalte.jpg?resize=700%2C400&ssl=1 2x"},"classes":[]}],"jetpack_sharing_enabled":true,"_links":{"self":[{"href":"https:\/\/juergenkroder.com\/journalismus\/wp-json\/wp\/v2\/posts\/2802","targetHints":{"allow":["GET"]}}],"collection":[{"href":"https:\/\/juergenkroder.com\/journalismus\/wp-json\/wp\/v2\/posts"}],"about":[{"href":"https:\/\/juergenkroder.com\/journalismus\/wp-json\/wp\/v2\/types\/post"}],"author":[{"embeddable":true,"href":"https:\/\/juergenkroder.com\/journalismus\/wp-json\/wp\/v2\/users\/2"}],"replies":[{"embeddable":true,"href":"https:\/\/juergenkroder.com\/journalismus\/wp-json\/wp\/v2\/comments?post=2802"}],"version-history":[{"count":5,"href":"https:\/\/juergenkroder.com\/journalismus\/wp-json\/wp\/v2\/posts\/2802\/revisions"}],"predecessor-version":[{"id":5821,"href":"https:\/\/juergenkroder.com\/journalismus\/wp-json\/wp\/v2\/posts\/2802\/revisions\/5821"}],"wp:attachment":[{"href":"https:\/\/juergenkroder.com\/journalismus\/wp-json\/wp\/v2\/media?parent=2802"}],"wp:term":[{"taxonomy":"category","embeddable":true,"href":"https:\/\/juergenkroder.com\/journalismus\/wp-json\/wp\/v2\/categories?post=2802"},{"taxonomy":"post_tag","embeddable":true,"href":"https:\/\/juergenkroder.com\/journalismus\/wp-json\/wp\/v2\/tags?post=2802"}],"curies":[{"name":"wp","href":"https:\/\/api.w.org\/{rel}","templated":true}]}}