{"id":285,"date":"2019-11-21T16:26:27","date_gmt":"2019-11-21T15:26:27","guid":{"rendered":"http:\/\/juergenkroder.com\/journalismus\/?p=285"},"modified":"2023-02-10T21:58:43","modified_gmt":"2023-02-10T20:58:43","slug":"digitalisierung-internet-breitband","status":"publish","type":"post","link":"https:\/\/juergenkroder.com\/journalismus\/digitalisierung-internet-breitband\/","title":{"rendered":"Ein Internetanschluss ist noch keine Digitalisierung!"},"content":{"rendered":"<p><img loading=\"lazy\" decoding=\"async\" class=\"aligncenter size-full wp-image-286\" src=\"http:\/\/juergenkroder.com\/journalismus\/wp-content\/uploads\/2019\/07\/digitalisierung-internetkab.jpg\" alt=\"Digitalisierung Internetkabel (Bild: Pixabay)\" width=\"900\" height=\"400\" srcset=\"https:\/\/juergenkroder.com\/journalismus\/wp-content\/uploads\/2019\/07\/digitalisierung-internetkab.jpg 900w, https:\/\/juergenkroder.com\/journalismus\/wp-content\/uploads\/2019\/07\/digitalisierung-internetkab-300x133.jpg 300w, https:\/\/juergenkroder.com\/journalismus\/wp-content\/uploads\/2019\/07\/digitalisierung-internetkab-768x341.jpg 768w\" sizes=\"auto, (max-width: 900px) 100vw, 900px\" \/><\/p>\n<p><strong>Weil in Deutschland der Breitband-Ausbau nur schleppend vorangeht, wird gerne so getan, als g\u00e4be es kaum noch andere Aspekte in Sachen Digitalisierung.\u00a0<\/strong><\/p>\n<p><!--more--><\/p>\n<h2>Deutschland verliert den Anschluss<\/h2>\n<p>In den Medien ist unisono zu h\u00f6ren: <a href=\"https:\/\/www.heise.de\/newsticker\/meldung\/Innovationsstudie-Deutschland-hinkt-bei-Digitalisierung-und-Glasfaser-hinterher-3781546.html\">Deutschland hinkt bei der Digitalisierung hinterher<\/a>. Und dann wird gleich \u00fcber den mangelnden Breitband-Ausbau schwadroniert. Das ist einerseits richtig, denn die Bundesrepublik landet in Sachen Internet-Geschwindigkeit <a href=\"https:\/\/www.it-daily.net\/analysen\/16102-internet-geschwindigkeit-weltweit-deutschland-auf-platz-25\">im weltweiten Vergleich nur auf Platz 31<\/a>. Tendenz: weiter absteigend. Doch andererseits bedeutet Digitalisierung viel mehr als nur die Verlegung von Kabeln und dem Aufstellen von Sendemasten!<\/p>\n<p>Zugegeben: <a href=\"https:\/\/startupwissen.biz\/was-bedeutet-eigentlich-digitalisierung\/\" target=\"_blank\" rel=\"noopener noreferrer\">Das Thema Digitalisierung<\/a> ist komplex und kompliziert. Unter den Begriff fallen unz\u00e4hlige Themen. Zum Beispiel K\u00fcnstliche Intelligenz, Connected Car, Smart Home, Industrie 4.0 und autonom fahrende Autos.<\/p>\n<p>F\u00fcr viele Menschen gilt die Formel: Digitalisierung = Internetanschluss. Ja, ohne Internetanschluss, sei es per Kabel oder \u201cdurch die Luft\u201d (4G, 5G, WLAN\/WiFi, etc.), geht es nicht. Der Zugang zum Internet stellt die Grundlage dar.<\/p>\n<p>Viele machen jedoch den Fehler, die Bereitstellung des Internets als <em>DIE<\/em> Digitalisierung zu bezeichnen. Ich denke da zum Beispiel an die Meldung eines regionalen \u00d6PNV-Anbieters: Der setze auf die Digitalisierung, weil er WLAN in Bussen anbiete, <a href=\"https:\/\/www.fnp.de\/hessen\/setzt-digitalisierung-kostenloses-wlan-buslinie-10463784.html\">hie\u00df es<\/a>. Nun ja\u2026<\/p>\n<div class=\"a-single a-7\"><hr \/>\r\n\r\n<em>H\u00f6rtipp: So kann die eigene Marketing-Abteilung die Digitalisierung von Unternehmen voranbringen.\r\n\r\n<\/em>\r\n\r\n<script class=\"podigee-podcast-player\" src=\"https:\/\/player.podigee-cdn.net\/podcast-player\/javascripts\/podigee-podcast-player.js\" data-configuration=\"https:\/\/usp-marketing-podcast.podigee.io\/38-digitalisierung-onlinemarketing\/embed?context=external\"><\/script>\r\n\r\n<hr \/>\r<\/div>\n<h2>Es gibt noch viel zu tun<\/h2>\n<p>Die Infrastruktur, dass die B\u00fcrger Zugang zum Internet erhalten, ist extrem wichtig. Noch gibt es viele wei\u00dfe Flecken in Deutschland. Dort kann weder an E-Commerce, noch an gro\u00dfe Digitalisierungskonzepte wie IoT gedacht werden. Schon das Versenden einer E-Mail oder einer SMS werden in diesen Gegenden zu einer gro\u00dfe Herausforderung.<\/p>\n<figure id=\"attachment_379\" aria-describedby=\"caption-attachment-379\" style=\"width: 768px\" class=\"wp-caption aligncenter\"><img loading=\"lazy\" decoding=\"async\" class=\"wp-image-379 size-full\" src=\"http:\/\/juergenkroder.com\/journalismus\/wp-content\/uploads\/2019\/07\/infografik-lte-deutschland.jpg\" alt=\"Die LTE-Versorgung in Deutschland (Quelle: https:\/\/www.zdf.de\/nachrichten\/heute\/funkloecher-auf-dem-land-schlechter-lte-empfang-100.html)\" width=\"768\" height=\"432\" srcset=\"https:\/\/juergenkroder.com\/journalismus\/wp-content\/uploads\/2019\/07\/infografik-lte-deutschland.jpg 768w, https:\/\/juergenkroder.com\/journalismus\/wp-content\/uploads\/2019\/07\/infografik-lte-deutschland-300x169.jpg 300w\" sizes=\"auto, (max-width: 768px) 100vw, 768px\" \/><figcaption id=\"caption-attachment-379\" class=\"wp-caption-text\">Digitalisierungs-Neuland Deutschland: Der Anteil der Gemeinden ohne eine fl\u00e4chendeckende LTE-Versorgung (Quelle: <a href=\"https:\/\/www.zdf.de\/nachrichten\/heute\/funkloecher-auf-dem-land-schlechter-lte-empfang-100.html\" target=\"_blank\" rel=\"noopener noreferrer\">https:\/\/www.zdf.de\/nachrichten\/heute\/funkloecher-auf-dem-land-schlechter-lte-empfang-100.html<\/a>)<\/figcaption><\/figure>\n<p>In solchen Regionen ist klar: Der erste Schritt in die Digitalisierung stellt zuerst einmal der Zugang zum Internet dar &#8211; und das mit m\u00f6glichst gro\u00dfer Bandbreite. In solchen F\u00e4llen kann ich nachvollziehen, wenn Internetanschluss und Digitalisierung gleichwertig behandelt werden. In allen anderen aber nicht.<\/p>\n<p>Also: Lasst uns bitte nicht von DER Digitalisierung reden, wenn es nur um den Internetzugang geht!<\/p>\n<p><em>PS: Schon gewusst, <a href=\"https:\/\/juergenkroder.com\/journalismus\/wie-alt-ist-die-digitalisierung\/\" target=\"_blank\" rel=\"noopener noreferrer\">dass die Digitalisierung schon \u00fcber 200 Jahre alt ist<\/a>? Sie l\u00e4uft nicht erst seitdem wir Kabel unter die Erde verbuddeln!<\/em><\/p>\n<p>&nbsp;<\/p>\n<p style=\"text-align: right;\">Bilder: Pixabay, ZDF heute<\/p>\n","protected":false},"excerpt":{"rendered":"<p>Weil in Deutschland der Breitband-Ausbau nur schleppend vorangeht, wird gerne so getan, als g\u00e4be es kaum noch andere Aspekte in Sachen Digitalisierung.\u00a0<\/p>\n","protected":false},"author":1,"featured_media":0,"comment_status":"open","ping_status":"open","sticky":false,"template":"","format":"standard","meta":{"_jetpack_memberships_contains_paid_content":false,"footnotes":"","_links_to":"","_links_to_target":""},"categories":[9],"tags":[12,21,16],"class_list":["post-285","post","type-post","status-publish","format-standard","hentry","category-digitalisierung","tag-blog","tag-breitband","tag-internet","no-thumbnail"],"yoast_head":"<!-- This site is optimized with the Yoast SEO plugin v27.5 - https:\/\/yoast.com\/product\/yoast-seo-wordpress\/ -->\n<title>Ein Internetanschluss ist noch keine Digitalisierung! - [ J\u00dcRGEN KRODER ]<\/title>\n<meta name=\"description\" content=\"Weil in Deutschland der Breitband-Ausbau nur schleppend vorangeht, wird gerne so getan, als g\u00e4be es kaum noch andere Aspekte in Sachen Digitalisierung.\u00a0\" \/>\n<meta name=\"robots\" content=\"index, follow, max-snippet:-1, max-image-preview:large, max-video-preview:-1\" \/>\n<link rel=\"canonical\" href=\"https:\/\/juergenkroder.com\/journalismus\/digitalisierung-internet-breitband\/\" \/>\n<meta property=\"og:locale\" content=\"de_DE\" \/>\n<meta property=\"og:type\" content=\"article\" \/>\n<meta property=\"og:title\" content=\"Ein Internetanschluss ist noch keine Digitalisierung! - [ J\u00dcRGEN KRODER ]\" \/>\n<meta property=\"og:description\" content=\"Weil in Deutschland der Breitband-Ausbau nur schleppend vorangeht, wird gerne so getan, als g\u00e4be es kaum noch andere Aspekte in Sachen Digitalisierung.\u00a0\" \/>\n<meta property=\"og:url\" content=\"https:\/\/juergenkroder.com\/journalismus\/digitalisierung-internet-breitband\/\" \/>\n<meta property=\"og:site_name\" content=\"[ J\u00dcRGEN KRODER ]\" \/>\n<meta property=\"article:published_time\" content=\"2019-11-21T15:26:27+00:00\" \/>\n<meta property=\"article:modified_time\" content=\"2023-02-10T20:58:43+00:00\" \/>\n<meta property=\"og:image\" content=\"http:\/\/juergenkroder.com\/journalismus\/wp-content\/uploads\/2019\/07\/digitalisierung-internetkab.jpg\" \/>\n<meta name=\"author\" content=\"J\u00fcrgen Kroder\" \/>\n<meta name=\"twitter:card\" content=\"summary_large_image\" \/>\n<meta name=\"twitter:label1\" content=\"Verfasst von\" \/>\n\t<meta name=\"twitter:data1\" content=\"J\u00fcrgen Kroder\" \/>\n\t<meta name=\"twitter:label2\" content=\"Gesch\u00e4tzte Lesezeit\" \/>\n\t<meta name=\"twitter:data2\" content=\"3\u00a0Minuten\" \/>\n<script type=\"application\/ld+json\" class=\"yoast-schema-graph\">{\"@context\":\"https:\\\/\\\/schema.org\",\"@graph\":[{\"@type\":\"Article\",\"@id\":\"https:\\\/\\\/juergenkroder.com\\\/journalismus\\\/digitalisierung-internet-breitband\\\/#article\",\"isPartOf\":{\"@id\":\"https:\\\/\\\/juergenkroder.com\\\/journalismus\\\/digitalisierung-internet-breitband\\\/\"},\"author\":{\"name\":\"J\u00fcrgen Kroder\",\"@id\":\"https:\\\/\\\/juergenkroder.com\\\/journalismus\\\/#\\\/schema\\\/person\\\/709cd68915d9bbe7f3578f2448077561\"},\"headline\":\"Ein Internetanschluss ist noch keine Digitalisierung!\",\"datePublished\":\"2019-11-21T15:26:27+00:00\",\"dateModified\":\"2023-02-10T20:58:43+00:00\",\"mainEntityOfPage\":{\"@id\":\"https:\\\/\\\/juergenkroder.com\\\/journalismus\\\/digitalisierung-internet-breitband\\\/\"},\"wordCount\":377,\"commentCount\":0,\"image\":{\"@id\":\"https:\\\/\\\/juergenkroder.com\\\/journalismus\\\/digitalisierung-internet-breitband\\\/#primaryimage\"},\"thumbnailUrl\":\"http:\\\/\\\/juergenkroder.com\\\/journalismus\\\/wp-content\\\/uploads\\\/2019\\\/07\\\/digitalisierung-internetkab.jpg\",\"keywords\":[\"Blog\",\"Breitband\",\"Internet\"],\"articleSection\":[\"Digitalisierung\"],\"inLanguage\":\"de\",\"potentialAction\":[{\"@type\":\"CommentAction\",\"name\":\"Comment\",\"target\":[\"https:\\\/\\\/juergenkroder.com\\\/journalismus\\\/digitalisierung-internet-breitband\\\/#respond\"]}]},{\"@type\":\"WebPage\",\"@id\":\"https:\\\/\\\/juergenkroder.com\\\/journalismus\\\/digitalisierung-internet-breitband\\\/\",\"url\":\"https:\\\/\\\/juergenkroder.com\\\/journalismus\\\/digitalisierung-internet-breitband\\\/\",\"name\":\"Ein Internetanschluss ist noch keine Digitalisierung! - [ J\u00dcRGEN KRODER ]\",\"isPartOf\":{\"@id\":\"https:\\\/\\\/juergenkroder.com\\\/journalismus\\\/#website\"},\"primaryImageOfPage\":{\"@id\":\"https:\\\/\\\/juergenkroder.com\\\/journalismus\\\/digitalisierung-internet-breitband\\\/#primaryimage\"},\"image\":{\"@id\":\"https:\\\/\\\/juergenkroder.com\\\/journalismus\\\/digitalisierung-internet-breitband\\\/#primaryimage\"},\"thumbnailUrl\":\"http:\\\/\\\/juergenkroder.com\\\/journalismus\\\/wp-content\\\/uploads\\\/2019\\\/07\\\/digitalisierung-internetkab.jpg\",\"datePublished\":\"2019-11-21T15:26:27+00:00\",\"dateModified\":\"2023-02-10T20:58:43+00:00\",\"author\":{\"@id\":\"https:\\\/\\\/juergenkroder.com\\\/journalismus\\\/#\\\/schema\\\/person\\\/709cd68915d9bbe7f3578f2448077561\"},\"description\":\"Weil in Deutschland der Breitband-Ausbau nur schleppend vorangeht, wird gerne so getan, als g\u00e4be es kaum noch andere Aspekte in Sachen Digitalisierung.\u00a0\",\"breadcrumb\":{\"@id\":\"https:\\\/\\\/juergenkroder.com\\\/journalismus\\\/digitalisierung-internet-breitband\\\/#breadcrumb\"},\"inLanguage\":\"de\",\"potentialAction\":[{\"@type\":\"ReadAction\",\"target\":[\"https:\\\/\\\/juergenkroder.com\\\/journalismus\\\/digitalisierung-internet-breitband\\\/\"]}]},{\"@type\":\"ImageObject\",\"inLanguage\":\"de\",\"@id\":\"https:\\\/\\\/juergenkroder.com\\\/journalismus\\\/digitalisierung-internet-breitband\\\/#primaryimage\",\"url\":\"https:\\\/\\\/juergenkroder.com\\\/journalismus\\\/wp-content\\\/uploads\\\/2019\\\/07\\\/digitalisierung-internetkab.jpg\",\"contentUrl\":\"https:\\\/\\\/juergenkroder.com\\\/journalismus\\\/wp-content\\\/uploads\\\/2019\\\/07\\\/digitalisierung-internetkab.jpg\",\"width\":900,\"height\":400,\"caption\":\"Digitalisierung Internetkabel (Bild: Pixabay)\"},{\"@type\":\"BreadcrumbList\",\"@id\":\"https:\\\/\\\/juergenkroder.com\\\/journalismus\\\/digitalisierung-internet-breitband\\\/#breadcrumb\",\"itemListElement\":[{\"@type\":\"ListItem\",\"position\":1,\"name\":\"Startseite\",\"item\":\"https:\\\/\\\/juergenkroder.com\\\/journalismus\\\/\"},{\"@type\":\"ListItem\",\"position\":2,\"name\":\"Ein Internetanschluss ist noch keine Digitalisierung!\"}]},{\"@type\":\"WebSite\",\"@id\":\"https:\\\/\\\/juergenkroder.com\\\/journalismus\\\/#website\",\"url\":\"https:\\\/\\\/juergenkroder.com\\\/journalismus\\\/\",\"name\":\"[ J\u00dcRGEN KRODER ]\",\"description\":\"Ihr Texter, Fachautor &amp; Journalist f\u00fcr Digitalisierung, IT, KI, Tech, Start-ups und Marketing\",\"potentialAction\":[{\"@type\":\"SearchAction\",\"target\":{\"@type\":\"EntryPoint\",\"urlTemplate\":\"https:\\\/\\\/juergenkroder.com\\\/journalismus\\\/?s={search_term_string}\"},\"query-input\":{\"@type\":\"PropertyValueSpecification\",\"valueRequired\":true,\"valueName\":\"search_term_string\"}}],\"inLanguage\":\"de\"},{\"@type\":\"Person\",\"@id\":\"https:\\\/\\\/juergenkroder.com\\\/journalismus\\\/#\\\/schema\\\/person\\\/709cd68915d9bbe7f3578f2448077561\",\"name\":\"J\u00fcrgen Kroder\",\"description\":\"Ich liebe Digitalisierung, KI, StartUps und Marketing. Deswegen schreibe ich als freier Fachautor f\u00fcr bekannte Publikationen \u00fcber diese Themengebiete. Und ich unterst\u00fctze als Marketing-Berater StartUps und mittelst\u00e4ndische Unternehmen bei ihrer Marketing-Strategie. Zudem arbeite ich noch als KI- und ChatGPT-Coach, um Anf\u00e4ngern den Einstieg zu erleichtern.\",\"url\":\"https:\\\/\\\/juergenkroder.com\\\/journalismus\\\/author\\\/web558\\\/\"}]}<\/script>\n<!-- \/ Yoast SEO plugin. -->","yoast_head_json":{"title":"Ein Internetanschluss ist noch keine Digitalisierung! - [ J\u00dcRGEN KRODER ]","description":"Weil in Deutschland der Breitband-Ausbau nur schleppend vorangeht, wird gerne so getan, als g\u00e4be es kaum noch andere Aspekte in Sachen Digitalisierung.\u00a0","robots":{"index":"index","follow":"follow","max-snippet":"max-snippet:-1","max-image-preview":"max-image-preview:large","max-video-preview":"max-video-preview:-1"},"canonical":"https:\/\/juergenkroder.com\/journalismus\/digitalisierung-internet-breitband\/","og_locale":"de_DE","og_type":"article","og_title":"Ein Internetanschluss ist noch keine Digitalisierung! - [ J\u00dcRGEN KRODER ]","og_description":"Weil in Deutschland der Breitband-Ausbau nur schleppend vorangeht, wird gerne so getan, als g\u00e4be es kaum noch andere Aspekte in Sachen Digitalisierung.\u00a0","og_url":"https:\/\/juergenkroder.com\/journalismus\/digitalisierung-internet-breitband\/","og_site_name":"[ J\u00dcRGEN KRODER ]","article_published_time":"2019-11-21T15:26:27+00:00","article_modified_time":"2023-02-10T20:58:43+00:00","og_image":[{"url":"http:\/\/juergenkroder.com\/journalismus\/wp-content\/uploads\/2019\/07\/digitalisierung-internetkab.jpg","type":"","width":"","height":""}],"author":"J\u00fcrgen Kroder","twitter_card":"summary_large_image","twitter_misc":{"Verfasst von":"J\u00fcrgen Kroder","Gesch\u00e4tzte Lesezeit":"3\u00a0Minuten"},"schema":{"@context":"https:\/\/schema.org","@graph":[{"@type":"Article","@id":"https:\/\/juergenkroder.com\/journalismus\/digitalisierung-internet-breitband\/#article","isPartOf":{"@id":"https:\/\/juergenkroder.com\/journalismus\/digitalisierung-internet-breitband\/"},"author":{"name":"J\u00fcrgen Kroder","@id":"https:\/\/juergenkroder.com\/journalismus\/#\/schema\/person\/709cd68915d9bbe7f3578f2448077561"},"headline":"Ein Internetanschluss ist noch keine Digitalisierung!","datePublished":"2019-11-21T15:26:27+00:00","dateModified":"2023-02-10T20:58:43+00:00","mainEntityOfPage":{"@id":"https:\/\/juergenkroder.com\/journalismus\/digitalisierung-internet-breitband\/"},"wordCount":377,"commentCount":0,"image":{"@id":"https:\/\/juergenkroder.com\/journalismus\/digitalisierung-internet-breitband\/#primaryimage"},"thumbnailUrl":"http:\/\/juergenkroder.com\/journalismus\/wp-content\/uploads\/2019\/07\/digitalisierung-internetkab.jpg","keywords":["Blog","Breitband","Internet"],"articleSection":["Digitalisierung"],"inLanguage":"de","potentialAction":[{"@type":"CommentAction","name":"Comment","target":["https:\/\/juergenkroder.com\/journalismus\/digitalisierung-internet-breitband\/#respond"]}]},{"@type":"WebPage","@id":"https:\/\/juergenkroder.com\/journalismus\/digitalisierung-internet-breitband\/","url":"https:\/\/juergenkroder.com\/journalismus\/digitalisierung-internet-breitband\/","name":"Ein Internetanschluss ist noch keine Digitalisierung! - [ J\u00dcRGEN KRODER ]","isPartOf":{"@id":"https:\/\/juergenkroder.com\/journalismus\/#website"},"primaryImageOfPage":{"@id":"https:\/\/juergenkroder.com\/journalismus\/digitalisierung-internet-breitband\/#primaryimage"},"image":{"@id":"https:\/\/juergenkroder.com\/journalismus\/digitalisierung-internet-breitband\/#primaryimage"},"thumbnailUrl":"http:\/\/juergenkroder.com\/journalismus\/wp-content\/uploads\/2019\/07\/digitalisierung-internetkab.jpg","datePublished":"2019-11-21T15:26:27+00:00","dateModified":"2023-02-10T20:58:43+00:00","author":{"@id":"https:\/\/juergenkroder.com\/journalismus\/#\/schema\/person\/709cd68915d9bbe7f3578f2448077561"},"description":"Weil in Deutschland der Breitband-Ausbau nur schleppend vorangeht, wird gerne so getan, als g\u00e4be es kaum noch andere Aspekte in Sachen Digitalisierung.\u00a0","breadcrumb":{"@id":"https:\/\/juergenkroder.com\/journalismus\/digitalisierung-internet-breitband\/#breadcrumb"},"inLanguage":"de","potentialAction":[{"@type":"ReadAction","target":["https:\/\/juergenkroder.com\/journalismus\/digitalisierung-internet-breitband\/"]}]},{"@type":"ImageObject","inLanguage":"de","@id":"https:\/\/juergenkroder.com\/journalismus\/digitalisierung-internet-breitband\/#primaryimage","url":"https:\/\/juergenkroder.com\/journalismus\/wp-content\/uploads\/2019\/07\/digitalisierung-internetkab.jpg","contentUrl":"https:\/\/juergenkroder.com\/journalismus\/wp-content\/uploads\/2019\/07\/digitalisierung-internetkab.jpg","width":900,"height":400,"caption":"Digitalisierung Internetkabel (Bild: Pixabay)"},{"@type":"BreadcrumbList","@id":"https:\/\/juergenkroder.com\/journalismus\/digitalisierung-internet-breitband\/#breadcrumb","itemListElement":[{"@type":"ListItem","position":1,"name":"Startseite","item":"https:\/\/juergenkroder.com\/journalismus\/"},{"@type":"ListItem","position":2,"name":"Ein Internetanschluss ist noch keine Digitalisierung!"}]},{"@type":"WebSite","@id":"https:\/\/juergenkroder.com\/journalismus\/#website","url":"https:\/\/juergenkroder.com\/journalismus\/","name":"[ J\u00dcRGEN KRODER ]","description":"Ihr Texter, Fachautor &amp; Journalist f\u00fcr Digitalisierung, IT, KI, Tech, Start-ups und Marketing","potentialAction":[{"@type":"SearchAction","target":{"@type":"EntryPoint","urlTemplate":"https:\/\/juergenkroder.com\/journalismus\/?s={search_term_string}"},"query-input":{"@type":"PropertyValueSpecification","valueRequired":true,"valueName":"search_term_string"}}],"inLanguage":"de"},{"@type":"Person","@id":"https:\/\/juergenkroder.com\/journalismus\/#\/schema\/person\/709cd68915d9bbe7f3578f2448077561","name":"J\u00fcrgen Kroder","description":"Ich liebe Digitalisierung, KI, StartUps und Marketing. Deswegen schreibe ich als freier Fachautor f\u00fcr bekannte Publikationen \u00fcber diese Themengebiete. Und ich unterst\u00fctze als Marketing-Berater StartUps und mittelst\u00e4ndische Unternehmen bei ihrer Marketing-Strategie. Zudem arbeite ich noch als KI- und ChatGPT-Coach, um Anf\u00e4ngern den Einstieg zu erleichtern.","url":"https:\/\/juergenkroder.com\/journalismus\/author\/web558\/"}]}},"jetpack_featured_media_url":"","jetpack_shortlink":"https:\/\/wp.me\/pcqtTx-4B","jetpack-related-posts":[{"id":267,"url":"https:\/\/juergenkroder.com\/journalismus\/paradox-obwohl-wir-schon-digital-leben-kommt-die-digitalisierung-nicht-voran\/","url_meta":{"origin":285,"position":0},"title":"Paradox: Obwohl wir schon digital leben, kommt die Digitalisierung nicht voran","author":"J\u00fcrgen Kroder","date":"28. September 2019","format":false,"excerpt":"Es gibt in Deutschland eine Kluft. Auf der einen Seite k\u00f6nnen wir ohne digitale Produkte nicht mehr leben. Andererseits geht die Digitalisierung nur im Schneckentempo voran. Was ist da los? Deutschland ist ein Entwicklungsland Der Breitband-Ausbau kommt seit vielen Jahren nicht voran. Es gibt neben SAP keine anderen, digitalen Big\u2026","rel":"","context":"In &quot;Digitalisierung&quot;","block_context":{"text":"Digitalisierung","link":"https:\/\/juergenkroder.com\/journalismus\/category\/digitalisierung\/"},"img":{"alt_text":"Digitalisierung im Alltag - Smartphone (Bild: Pixabay)","src":"https:\/\/i0.wp.com\/juergenkroder.com\/journalismus\/wp-content\/uploads\/2019\/07\/digitalisierung-alltag.jpg?resize=350%2C200","width":350,"height":200,"srcset":"https:\/\/i0.wp.com\/juergenkroder.com\/journalismus\/wp-content\/uploads\/2019\/07\/digitalisierung-alltag.jpg?resize=350%2C200 1x, https:\/\/i0.wp.com\/juergenkroder.com\/journalismus\/wp-content\/uploads\/2019\/07\/digitalisierung-alltag.jpg?resize=525%2C300 1.5x, https:\/\/i0.wp.com\/juergenkroder.com\/journalismus\/wp-content\/uploads\/2019\/07\/digitalisierung-alltag.jpg?resize=700%2C400 2x"},"classes":[]},{"id":301,"url":"https:\/\/juergenkroder.com\/journalismus\/flugtaxi-bashing-zukunft-deutschland\/","url_meta":{"origin":285,"position":1},"title":"Darum ist das Flugtaxi-Bashing sch\u00e4dlich f\u00fcr Deutschland","author":"J\u00fcrgen Kroder","date":"26. Juli 2019","format":false,"excerpt":"H\u00f6rt endlich mit dem Flugtaxi-Bashing auf! Damit wird eines der wenigen neuen Innovationsthemen \"made in Germany\" unn\u00f6tig schlecht geredet.\u00a0 Die Kritik an Flugtaxis ist falsch und unn\u00f6tig Als Dorothee B\u00e4r sich vor ein paar Monaten zum Thema Flugtaxis \u00e4u\u00dferte, folgte ein Shitstorm in den sozialen Netzwerken. Bis heute wird unser\u2026","rel":"","context":"In &quot;Digitalisierung&quot;","block_context":{"text":"Digitalisierung","link":"https:\/\/juergenkroder.com\/journalismus\/category\/digitalisierung\/"},"img":{"alt_text":"Lilium Flugtaxi (Bild: Lilium)","src":"https:\/\/i0.wp.com\/juergenkroder.com\/journalismus\/wp-content\/uploads\/2019\/07\/lilium-flugtaxi.jpg?resize=350%2C200","width":350,"height":200,"srcset":"https:\/\/i0.wp.com\/juergenkroder.com\/journalismus\/wp-content\/uploads\/2019\/07\/lilium-flugtaxi.jpg?resize=350%2C200 1x, https:\/\/i0.wp.com\/juergenkroder.com\/journalismus\/wp-content\/uploads\/2019\/07\/lilium-flugtaxi.jpg?resize=525%2C300 1.5x, https:\/\/i0.wp.com\/juergenkroder.com\/journalismus\/wp-content\/uploads\/2019\/07\/lilium-flugtaxi.jpg?resize=700%2C400 2x"},"classes":[]},{"id":1314,"url":"https:\/\/juergenkroder.com\/journalismus\/wie-alt-ist-die-digitalisierung\/","url_meta":{"origin":285,"position":2},"title":"Wie alt ist die Digitalisierung? \u00dcber 200 Jahre, kein Scherz!","author":"J\u00fcrgen Kroder","date":"6. September 2024","format":false,"excerpt":"Es wird gerne so getan, als g\u00e4be es die Digitalisierung erst seit ein paar Jahren. Das stimmt nicht! Der Digitale Wandel l\u00e4uft bereits viiiel l\u00e4nger. Wann begann die Digitalisierung? Das ist nicht genau zu sagen. Zum einen kommt es darauf an, was man genau unter Digitalisierung versteht. Zum anderen handelt\u2026","rel":"","context":"In &quot;Digitalisierung&quot;","block_context":{"text":"Digitalisierung","link":"https:\/\/juergenkroder.com\/journalismus\/category\/digitalisierung\/"},"img":{"alt_text":"","src":"https:\/\/i0.wp.com\/juergenkroder.com\/journalismus\/wp-content\/uploads\/2020\/07\/digitale-plattformen-vergleich.jpg?resize=350%2C200&ssl=1","width":350,"height":200,"srcset":"https:\/\/i0.wp.com\/juergenkroder.com\/journalismus\/wp-content\/uploads\/2020\/07\/digitale-plattformen-vergleich.jpg?resize=350%2C200&ssl=1 1x, https:\/\/i0.wp.com\/juergenkroder.com\/journalismus\/wp-content\/uploads\/2020\/07\/digitale-plattformen-vergleich.jpg?resize=525%2C300&ssl=1 1.5x, https:\/\/i0.wp.com\/juergenkroder.com\/journalismus\/wp-content\/uploads\/2020\/07\/digitale-plattformen-vergleich.jpg?resize=700%2C400&ssl=1 2x, https:\/\/i0.wp.com\/juergenkroder.com\/journalismus\/wp-content\/uploads\/2020\/07\/digitale-plattformen-vergleich.jpg?resize=1050%2C600&ssl=1 3x, https:\/\/i0.wp.com\/juergenkroder.com\/journalismus\/wp-content\/uploads\/2020\/07\/digitale-plattformen-vergleich.jpg?resize=1400%2C800&ssl=1 4x"},"classes":[]},{"id":2218,"url":"https:\/\/juergenkroder.com\/journalismus\/digitalisierung-sunday-monday-gap\/","url_meta":{"origin":285,"position":3},"title":"Kennst du den \u201cSunday\/Monday Gap\u201d der Digitalisierung?","author":"J\u00fcrgen Kroder","date":"2. Mai 2024","format":false,"excerpt":"Wusstest du, dass sich Kunden am Wochenende - scheinbar - v\u00f6llig anders verhalten als unter der Woche, wenn es um die Nutzung des Internets geht? Digitalisierung? Warum? Wir schreiben das Jahr 2024. Die Digitalisierung l\u00e4uft seit einigen Jahrzehnten. Die Corona-Krise hat viele Gesch\u00e4ftsmodelle wie ein Kartenhaus zusammenbrechen lassen. Trotzdem h\u00f6re\u2026","rel":"","context":"In &quot;Digitalisierung&quot;","block_context":{"text":"Digitalisierung","link":"https:\/\/juergenkroder.com\/journalismus\/category\/digitalisierung\/"},"img":{"alt_text":"Digitalisierung Mindset Gap (Bild: Shutterstock)","src":"https:\/\/i0.wp.com\/juergenkroder.com\/journalismus\/wp-content\/uploads\/2021\/03\/mindset-gap-digitalisierung.jpg?resize=350%2C200&ssl=1","width":350,"height":200,"srcset":"https:\/\/i0.wp.com\/juergenkroder.com\/journalismus\/wp-content\/uploads\/2021\/03\/mindset-gap-digitalisierung.jpg?resize=350%2C200&ssl=1 1x, https:\/\/i0.wp.com\/juergenkroder.com\/journalismus\/wp-content\/uploads\/2021\/03\/mindset-gap-digitalisierung.jpg?resize=525%2C300&ssl=1 1.5x, https:\/\/i0.wp.com\/juergenkroder.com\/journalismus\/wp-content\/uploads\/2021\/03\/mindset-gap-digitalisierung.jpg?resize=700%2C400&ssl=1 2x"},"classes":[]},{"id":258,"url":"https:\/\/juergenkroder.com\/journalismus\/umparken-im-kopf-neuen-medien\/","url_meta":{"origin":285,"position":4},"title":"Umparken im Kopf: Begrabt endlich mal die \u201cneuen Medien\u201d!","author":"J\u00fcrgen Kroder","date":"3. November 2019","format":false,"excerpt":"Wie wir \u00fcber das Internet und andere digitale Technologien reden zeigt, wie wir dar\u00fcber denken. Leider. Was ist eigentlich dieses Facebook? Um die Digitalisierung zu meistern, ben\u00f6tigt man zuerst keine Software, keine Computer-Hardware und auch kein Konzept. F\u00fcr die Basis reicht das leistungsf\u00e4higste \u201cGer\u00e4t\u201d des Sonnensystems, das wir alle besitzen:\u2026","rel":"","context":"In &quot;Digitalisierung&quot;","block_context":{"text":"Digitalisierung","link":"https:\/\/juergenkroder.com\/journalismus\/category\/digitalisierung\/"},"img":{"alt_text":"Schreibmaschine (Bild: Pixabay)","src":"https:\/\/i0.wp.com\/juergenkroder.com\/journalismus\/wp-content\/uploads\/2019\/07\/neue-medien.jpg?resize=350%2C200","width":350,"height":200,"srcset":"https:\/\/i0.wp.com\/juergenkroder.com\/journalismus\/wp-content\/uploads\/2019\/07\/neue-medien.jpg?resize=350%2C200 1x, https:\/\/i0.wp.com\/juergenkroder.com\/journalismus\/wp-content\/uploads\/2019\/07\/neue-medien.jpg?resize=525%2C300 1.5x, https:\/\/i0.wp.com\/juergenkroder.com\/journalismus\/wp-content\/uploads\/2019\/07\/neue-medien.jpg?resize=700%2C400 2x"},"classes":[]},{"id":2190,"url":"https:\/\/juergenkroder.com\/journalismus\/regionales-onlinemarketing-was-sind-die-herausforderungen-und-huerden\/","url_meta":{"origin":285,"position":5},"title":"Regionales Onlinemarketing: Was sind die Herausforderungen und H\u00fcrden?","author":"J\u00fcrgen Kroder","date":"14. Februar 2021","format":false,"excerpt":"Die Digitalisierung schreitet voran. Erlebt somit Regional- und Lokalmarketing einen Boom? Wie digital agieren kleine Unternehmen? Kleinunternehmer und ihr beschwerlicher Weg ins WWW Braucht der lokale Kleinunternehmer und Mittelstand Unterst\u00fctzung beim Weg ins Internet? Eine Frage, die sich Robert Ziege stellte. Um sie zu beantworten, hatte er sich in seiner\u2026","rel":"","context":"In &quot;Digitalisierung&quot;","block_context":{"text":"Digitalisierung","link":"https:\/\/juergenkroder.com\/journalismus\/category\/digitalisierung\/"},"img":{"alt_text":"","src":"https:\/\/i0.wp.com\/juergenkroder.com\/journalismus\/wp-content\/uploads\/2021\/02\/usp-podcast-lokalmarketing-teaser.jpg?resize=350%2C200&ssl=1","width":350,"height":200,"srcset":"https:\/\/i0.wp.com\/juergenkroder.com\/journalismus\/wp-content\/uploads\/2021\/02\/usp-podcast-lokalmarketing-teaser.jpg?resize=350%2C200&ssl=1 1x, https:\/\/i0.wp.com\/juergenkroder.com\/journalismus\/wp-content\/uploads\/2021\/02\/usp-podcast-lokalmarketing-teaser.jpg?resize=525%2C300&ssl=1 1.5x, https:\/\/i0.wp.com\/juergenkroder.com\/journalismus\/wp-content\/uploads\/2021\/02\/usp-podcast-lokalmarketing-teaser.jpg?resize=700%2C400&ssl=1 2x"},"classes":[]}],"jetpack_sharing_enabled":true,"_links":{"self":[{"href":"https:\/\/juergenkroder.com\/journalismus\/wp-json\/wp\/v2\/posts\/285","targetHints":{"allow":["GET"]}}],"collection":[{"href":"https:\/\/juergenkroder.com\/journalismus\/wp-json\/wp\/v2\/posts"}],"about":[{"href":"https:\/\/juergenkroder.com\/journalismus\/wp-json\/wp\/v2\/types\/post"}],"author":[{"embeddable":true,"href":"https:\/\/juergenkroder.com\/journalismus\/wp-json\/wp\/v2\/users\/1"}],"replies":[{"embeddable":true,"href":"https:\/\/juergenkroder.com\/journalismus\/wp-json\/wp\/v2\/comments?post=285"}],"version-history":[{"count":16,"href":"https:\/\/juergenkroder.com\/journalismus\/wp-json\/wp\/v2\/posts\/285\/revisions"}],"predecessor-version":[{"id":2564,"href":"https:\/\/juergenkroder.com\/journalismus\/wp-json\/wp\/v2\/posts\/285\/revisions\/2564"}],"wp:attachment":[{"href":"https:\/\/juergenkroder.com\/journalismus\/wp-json\/wp\/v2\/media?parent=285"}],"wp:term":[{"taxonomy":"category","embeddable":true,"href":"https:\/\/juergenkroder.com\/journalismus\/wp-json\/wp\/v2\/categories?post=285"},{"taxonomy":"post_tag","embeddable":true,"href":"https:\/\/juergenkroder.com\/journalismus\/wp-json\/wp\/v2\/tags?post=285"}],"curies":[{"name":"wp","href":"https:\/\/api.w.org\/{rel}","templated":true}]}}