{"id":329,"date":"2019-08-01T07:10:35","date_gmt":"2019-08-01T05:10:35","guid":{"rendered":"http:\/\/juergenkroder.com\/journalismus\/?p=329"},"modified":"2023-02-10T21:57:16","modified_gmt":"2023-02-10T20:57:16","slug":"alexa-sprachassistenten-smart-home","status":"publish","type":"post","link":"https:\/\/juergenkroder.com\/journalismus\/alexa-sprachassistenten-smart-home\/","title":{"rendered":"Warum wir uns alle unbedingt eine Alexa zulegen sollten"},"content":{"rendered":"<p><img loading=\"lazy\" decoding=\"async\" class=\"aligncenter size-full wp-image-331\" src=\"http:\/\/juergenkroder.com\/journalismus\/wp-content\/uploads\/2019\/07\/amazon-echo-alexa.jpg\" alt=\"Sprachassistent Amazon Echo Alexa (Bild: Amazon)\" width=\"900\" height=\"400\" srcset=\"https:\/\/juergenkroder.com\/journalismus\/wp-content\/uploads\/2019\/07\/amazon-echo-alexa.jpg 900w, https:\/\/juergenkroder.com\/journalismus\/wp-content\/uploads\/2019\/07\/amazon-echo-alexa-300x133.jpg 300w, https:\/\/juergenkroder.com\/journalismus\/wp-content\/uploads\/2019\/07\/amazon-echo-alexa-768x341.jpg 768w\" sizes=\"auto, (max-width: 900px) 100vw, 900px\" \/><\/p>\n<p><strong>Was haben Alexa, Siri und andere Sprachassistenten mit Lichtschaltern, Captain Picard und dem Pflegenotstand zu tun? Jede Menge!<\/strong><\/p>\n<p><!--more--><\/p>\n<h2>Spot an, Manage frei &#8230; f\u00fcr Alexa<\/h2>\n<p>K\u00fcrzlich war ein Freund bei mir. Wir sa\u00dfen im Wohnzimmer. Ich sprach: \u201cAlexa, spiel&#8216; Hintergrundmusik!\u201d<\/p>\n<p>Alexa spielte Hintergrundmusik. Mein Freund schaute erstaunt.<\/p>\n<p>\u201cAlexa, Lautst\u00e4rke 2!\u201d<\/p>\n<p>Alexa regelte die Lautst\u00e4rke der Musik herunter, so konnte ich mich mit meinem Freund besser unterhalten. Er blickte interessiert in Richtung meines Amazon Echo.<\/p>\n<p>Da wir fortgehen wollten, stellte ich die Frage \u201cAlexa, wie ist das Wetter heute Abend?\u201d<\/p>\n<p>Alexa gab uns eine Antwort. Mein Freund l\u00e4chelte.<\/p>\n<p>Dann gingen wir, ich sagte \u201cAlexa, Licht aus!\u201d, und Alexa schaltete die Wohnzimmer-Beleuchtung aus. Mein Freund war baff.<\/p>\n<p>Warum erz\u00e4hle ich die Geschichte? Weil ich damit angeben will, dass bei mir Alexa sogar meine Wohnzimmer-Lichter regelt? Nein.<\/p>\n<h2>Alexa ist f\u00fcr mich schon fast ein Familienmitglied<\/h2>\n<p>Zum einen finde ich es jedes Mal erstaunlich, wie Menschen reagieren, wenn sie Alexa bzw. den Amazon Echo im Einsatz erleben. F\u00fcr viele ist die \u201cDose\u201d ja nur eine Spielerei, die in vielen Haushalten als Radio-Ersatz genutzt wird.<\/p>\n<p>Zum anderen erstaunte mich die Reaktion meines Freundes. Er erz\u00e4hlte mir sp\u00e4ter, er k\u00e4me sich bei mir wie auf der Br\u00fccke der <em>Enterprise D<\/em> vor, weil ich wie Captain Picard mit einem Computer sprechen w\u00fcrde. Das zauberte mir als alten <em>Star Trek<\/em>-Fans nat\u00fcrlich ein stolzes L\u00e4cheln auf die Lippen.<\/p>\n<p>Dennoch verwunderte mich die Aussage ein bisschen. Denn Alexa geh\u00f6rt seit zwei Jahren zu meinem Alltag dazu. Ich benutze sie so selbstverst\u00e4ndlich wie meinen Fernseher oder mein Smartphone. Der Sprachassistent ist v\u00f6llig normal f\u00fcr mich. Nicht aber f\u00fcr viele Menschen. F\u00fcr sie sind Sprachassistenten noch &#8222;magic&#8220; und ungew\u00f6hnlich.<\/p>\n<p>Und beim Thema Sprachassistenten sind die Deutschen ziemlich kritisch. Sie haben Datenschutz-Bedenken und bezeichnen Alexa als &#8222;Stasi 2.0&#8220;. Dieses Argument kann ich verstehen, immerhin gab es schon ein paar <a href=\"https:\/\/t3n.de\/news\/amazon-alexa-echo-datenpanne-sprachaufzeichnungen-1134051\/\">Datenschutz-Pannen bei Amazon<\/a> und <a href=\"https:\/\/www.connect.de\/news\/siri-apple-mithoeren-gespraeche-aufzeichnen-3199752.html\">auch Apple h\u00f6rt wohl bei Siri mit<\/a>.<\/p>\n<h2>Star Trek oder Skynet?<\/h2>\n<p>Trotz mancher M\u00e4ngel (zum Beispiel die stellenweise <a href=\"https:\/\/twitter.com\/juergenkroder\/status\/1030494833545289728\">noch echt miese Spracherkennung<\/a>) und den Datenschutz-Pannen muss ich sagen: Legt euch alle eine Alexa bzw. einen Amazon Echo zu. Oder ein Google Home. Oder einen Apple Home Pod.<\/p>\n<p>Warum?<\/p>\n<p>Zum einen sind Sprachassistenten eine Bereicherung des Lebens &#8211; sofern man sie richtig einsetzt und eben nicht nur als Musikspieler benutzt! Zum anderen sind sie ein Vorgeschmack auf die Zukunft, in der es wirklich allwissende Computer wie in <em>Star Trek<\/em> geben wird. Und andere Formen von KI (hoffentlich nicht wie Skynet aus <em>Terminator<\/em>).<\/p>\n<p>Die aktuelle Generation von Sprachassistenten mag zwar faszinierend sein und manche Menschen tief beeindrucken, doch sind wir mal ehrlich: Eigentlich k\u00f6nnen Alexa &amp; Co. nicht viel. Sie erkennen zwar unsere Sprache und interpretieren sie (was an sich schon eine tolle technische Leistung ist), aber sie besitzen keine echte Intelligenz. Nicht mal ansatzweise.<\/p>\n<h2>Alexa, Siri und ihre Freunde sind (noch) ziemlich dumm<\/h2>\n<p>In der Regel arbeiten die digitalen Assistenten vordefinierte Routinen ab oder googeln nach Antworten im Internet. Wobei ganz genau genommen Alexa gar nicht auf Google zur\u00fcckgreift, sondern auf Bing von Microsoft.<\/p>\n<p>Somit ist das, was uns Amazon Echo, Google Home und Apple Home Pod liefern zwar ganz nett, aber nur ein kleiner Schritt im Vergleich zu dem, was echte KIs mal leisten werden. Daran sollten wir uns schnellstm\u00f6glich gew\u00f6hnen, um damit \u00c4ngste und andere Hemmschwellen abzubauen.<\/p>\n<p>Es gibt unz\u00e4hlige Einsatzgebiete, in denen KIs unser Leben erleichtern und uns unter die Arme greifen werden &#8211; und auch m\u00fcssen. Ich denke da zum Beispiel an \u00fcberlastete Kliniken und Haus\u00e4rzte, bei denen K\u00fcnstliche Intelligenzen viele Anamnesen durchf\u00fchren k\u00f6nnten. Oder an den Notstand im Pflegesektor, der durch Roboter mit Grips reduzierbar ist.<\/p>\n<p>Ein weitere Grund, warum ich sogar zwei Alexas in meinem Haushalt besitze: Ich bringe damit mein Smart Home voran. Das vernetzte Zuhause ist ein weiterer Markt, <a href=\"https:\/\/de.statista.com\/outlook\/279\/137\/smart-home\/deutschland\" target=\"_blank\" rel=\"noopener noreferrer\">der viel Potential besitzt<\/a>. Deswegen besch\u00e4ftige ich mich schon heute damit, um am Puls der Zeit zu sein.<\/p>\n<p>In diesem Sinne: \u201cAlexa, Licht an!\u201d<\/p>\n<p style=\"text-align: right;\">Bild: Amazon<\/p>\n","protected":false},"excerpt":{"rendered":"<p>Was haben Alexa, Siri und andere Sprachassistenten mit Lichtschaltern, Captain Picard und dem Pflegenotstand zu tun? Jede Menge!<\/p>\n","protected":false},"author":1,"featured_media":0,"comment_status":"open","ping_status":"open","sticky":false,"template":"","format":"standard","meta":{"_jetpack_memberships_contains_paid_content":false,"footnotes":"","_links_to":"","_links_to_target":""},"categories":[9,25],"tags":[31,35,36,12,34,37,32,33],"class_list":["post-329","post","type-post","status-publish","format-standard","hentry","category-digitalisierung","category-innovationen","tag-alexa","tag-amazon-echo","tag-apple-homepod","tag-blog","tag-google-home","tag-ki","tag-siri","tag-sprachassistenten","no-thumbnail"],"yoast_head":"<!-- This site is optimized with the Yoast SEO plugin v27.5 - https:\/\/yoast.com\/product\/yoast-seo-wordpress\/ -->\n<title>Warum wir uns alle unbedingt eine Alexa zulegen sollten - [ J\u00dcRGEN KRODER ]<\/title>\n<meta name=\"description\" content=\"Was haben Alexa, Siri und andere Sprachassistenten mit Captain Picard und dem Pflegenotstand zu tun? Jede Menge.\" \/>\n<meta name=\"robots\" content=\"index, follow, max-snippet:-1, max-image-preview:large, max-video-preview:-1\" \/>\n<link rel=\"canonical\" href=\"https:\/\/juergenkroder.com\/journalismus\/alexa-sprachassistenten-smart-home\/\" \/>\n<meta property=\"og:locale\" content=\"de_DE\" \/>\n<meta property=\"og:type\" content=\"article\" \/>\n<meta property=\"og:title\" content=\"Warum wir uns alle unbedingt eine Alexa zulegen sollten - [ J\u00dcRGEN KRODER ]\" \/>\n<meta property=\"og:description\" content=\"Was haben Alexa, Siri und andere Sprachassistenten mit Captain Picard und dem Pflegenotstand zu tun? Jede Menge.\" \/>\n<meta property=\"og:url\" content=\"https:\/\/juergenkroder.com\/journalismus\/alexa-sprachassistenten-smart-home\/\" \/>\n<meta property=\"og:site_name\" content=\"[ J\u00dcRGEN KRODER ]\" \/>\n<meta property=\"article:published_time\" content=\"2019-08-01T05:10:35+00:00\" \/>\n<meta property=\"article:modified_time\" content=\"2023-02-10T20:57:16+00:00\" \/>\n<meta property=\"og:image\" content=\"http:\/\/juergenkroder.com\/journalismus\/wp-content\/uploads\/2019\/07\/amazon-echo-alexa.jpg\" \/>\n<meta name=\"author\" content=\"J\u00fcrgen Kroder\" \/>\n<meta name=\"twitter:card\" content=\"summary_large_image\" \/>\n<meta name=\"twitter:label1\" content=\"Verfasst von\" \/>\n\t<meta name=\"twitter:data1\" content=\"J\u00fcrgen Kroder\" \/>\n\t<meta name=\"twitter:label2\" content=\"Gesch\u00e4tzte Lesezeit\" \/>\n\t<meta name=\"twitter:data2\" content=\"4\u00a0Minuten\" \/>\n<script type=\"application\/ld+json\" class=\"yoast-schema-graph\">{\"@context\":\"https:\\\/\\\/schema.org\",\"@graph\":[{\"@type\":\"Article\",\"@id\":\"https:\\\/\\\/juergenkroder.com\\\/journalismus\\\/alexa-sprachassistenten-smart-home\\\/#article\",\"isPartOf\":{\"@id\":\"https:\\\/\\\/juergenkroder.com\\\/journalismus\\\/alexa-sprachassistenten-smart-home\\\/\"},\"author\":{\"name\":\"J\u00fcrgen Kroder\",\"@id\":\"https:\\\/\\\/juergenkroder.com\\\/journalismus\\\/#\\\/schema\\\/person\\\/709cd68915d9bbe7f3578f2448077561\"},\"headline\":\"Warum wir uns alle unbedingt eine Alexa zulegen sollten\",\"datePublished\":\"2019-08-01T05:10:35+00:00\",\"dateModified\":\"2023-02-10T20:57:16+00:00\",\"mainEntityOfPage\":{\"@id\":\"https:\\\/\\\/juergenkroder.com\\\/journalismus\\\/alexa-sprachassistenten-smart-home\\\/\"},\"wordCount\":694,\"commentCount\":0,\"image\":{\"@id\":\"https:\\\/\\\/juergenkroder.com\\\/journalismus\\\/alexa-sprachassistenten-smart-home\\\/#primaryimage\"},\"thumbnailUrl\":\"http:\\\/\\\/juergenkroder.com\\\/journalismus\\\/wp-content\\\/uploads\\\/2019\\\/07\\\/amazon-echo-alexa.jpg\",\"keywords\":[\"Alexa\",\"Amazon Echo\",\"Apple Homepod\",\"Blog\",\"Google Home\",\"KI\",\"Siri\",\"Sprachassistenten\"],\"articleSection\":[\"Digitalisierung\",\"Innovationen\"],\"inLanguage\":\"de\",\"potentialAction\":[{\"@type\":\"CommentAction\",\"name\":\"Comment\",\"target\":[\"https:\\\/\\\/juergenkroder.com\\\/journalismus\\\/alexa-sprachassistenten-smart-home\\\/#respond\"]}]},{\"@type\":\"WebPage\",\"@id\":\"https:\\\/\\\/juergenkroder.com\\\/journalismus\\\/alexa-sprachassistenten-smart-home\\\/\",\"url\":\"https:\\\/\\\/juergenkroder.com\\\/journalismus\\\/alexa-sprachassistenten-smart-home\\\/\",\"name\":\"Warum wir uns alle unbedingt eine Alexa zulegen sollten - [ J\u00dcRGEN KRODER ]\",\"isPartOf\":{\"@id\":\"https:\\\/\\\/juergenkroder.com\\\/journalismus\\\/#website\"},\"primaryImageOfPage\":{\"@id\":\"https:\\\/\\\/juergenkroder.com\\\/journalismus\\\/alexa-sprachassistenten-smart-home\\\/#primaryimage\"},\"image\":{\"@id\":\"https:\\\/\\\/juergenkroder.com\\\/journalismus\\\/alexa-sprachassistenten-smart-home\\\/#primaryimage\"},\"thumbnailUrl\":\"http:\\\/\\\/juergenkroder.com\\\/journalismus\\\/wp-content\\\/uploads\\\/2019\\\/07\\\/amazon-echo-alexa.jpg\",\"datePublished\":\"2019-08-01T05:10:35+00:00\",\"dateModified\":\"2023-02-10T20:57:16+00:00\",\"author\":{\"@id\":\"https:\\\/\\\/juergenkroder.com\\\/journalismus\\\/#\\\/schema\\\/person\\\/709cd68915d9bbe7f3578f2448077561\"},\"description\":\"Was haben Alexa, Siri und andere Sprachassistenten mit Captain Picard und dem Pflegenotstand zu tun? Jede Menge.\",\"breadcrumb\":{\"@id\":\"https:\\\/\\\/juergenkroder.com\\\/journalismus\\\/alexa-sprachassistenten-smart-home\\\/#breadcrumb\"},\"inLanguage\":\"de\",\"potentialAction\":[{\"@type\":\"ReadAction\",\"target\":[\"https:\\\/\\\/juergenkroder.com\\\/journalismus\\\/alexa-sprachassistenten-smart-home\\\/\"]}]},{\"@type\":\"ImageObject\",\"inLanguage\":\"de\",\"@id\":\"https:\\\/\\\/juergenkroder.com\\\/journalismus\\\/alexa-sprachassistenten-smart-home\\\/#primaryimage\",\"url\":\"https:\\\/\\\/juergenkroder.com\\\/journalismus\\\/wp-content\\\/uploads\\\/2019\\\/07\\\/amazon-echo-alexa.jpg\",\"contentUrl\":\"https:\\\/\\\/juergenkroder.com\\\/journalismus\\\/wp-content\\\/uploads\\\/2019\\\/07\\\/amazon-echo-alexa.jpg\",\"width\":900,\"height\":400,\"caption\":\"Sprachassistent Amazon Echo Alexa (Bild: Amazon)\"},{\"@type\":\"BreadcrumbList\",\"@id\":\"https:\\\/\\\/juergenkroder.com\\\/journalismus\\\/alexa-sprachassistenten-smart-home\\\/#breadcrumb\",\"itemListElement\":[{\"@type\":\"ListItem\",\"position\":1,\"name\":\"Startseite\",\"item\":\"https:\\\/\\\/juergenkroder.com\\\/journalismus\\\/\"},{\"@type\":\"ListItem\",\"position\":2,\"name\":\"Warum wir uns alle unbedingt eine Alexa zulegen sollten\"}]},{\"@type\":\"WebSite\",\"@id\":\"https:\\\/\\\/juergenkroder.com\\\/journalismus\\\/#website\",\"url\":\"https:\\\/\\\/juergenkroder.com\\\/journalismus\\\/\",\"name\":\"[ J\u00dcRGEN KRODER ]\",\"description\":\"Ihr Texter, Fachautor &amp; Journalist f\u00fcr Digitalisierung, IT, KI, Tech, Start-ups und Marketing\",\"potentialAction\":[{\"@type\":\"SearchAction\",\"target\":{\"@type\":\"EntryPoint\",\"urlTemplate\":\"https:\\\/\\\/juergenkroder.com\\\/journalismus\\\/?s={search_term_string}\"},\"query-input\":{\"@type\":\"PropertyValueSpecification\",\"valueRequired\":true,\"valueName\":\"search_term_string\"}}],\"inLanguage\":\"de\"},{\"@type\":\"Person\",\"@id\":\"https:\\\/\\\/juergenkroder.com\\\/journalismus\\\/#\\\/schema\\\/person\\\/709cd68915d9bbe7f3578f2448077561\",\"name\":\"J\u00fcrgen Kroder\",\"description\":\"Ich liebe Digitalisierung, KI, StartUps und Marketing. Deswegen schreibe ich als freier Fachautor f\u00fcr bekannte Publikationen \u00fcber diese Themengebiete. Und ich unterst\u00fctze als Marketing-Berater StartUps und mittelst\u00e4ndische Unternehmen bei ihrer Marketing-Strategie. Zudem arbeite ich noch als KI- und ChatGPT-Coach, um Anf\u00e4ngern den Einstieg zu erleichtern.\",\"url\":\"https:\\\/\\\/juergenkroder.com\\\/journalismus\\\/author\\\/web558\\\/\"}]}<\/script>\n<!-- \/ Yoast SEO plugin. -->","yoast_head_json":{"title":"Warum wir uns alle unbedingt eine Alexa zulegen sollten - [ J\u00dcRGEN KRODER ]","description":"Was haben Alexa, Siri und andere Sprachassistenten mit Captain Picard und dem Pflegenotstand zu tun? Jede Menge.","robots":{"index":"index","follow":"follow","max-snippet":"max-snippet:-1","max-image-preview":"max-image-preview:large","max-video-preview":"max-video-preview:-1"},"canonical":"https:\/\/juergenkroder.com\/journalismus\/alexa-sprachassistenten-smart-home\/","og_locale":"de_DE","og_type":"article","og_title":"Warum wir uns alle unbedingt eine Alexa zulegen sollten - [ J\u00dcRGEN KRODER ]","og_description":"Was haben Alexa, Siri und andere Sprachassistenten mit Captain Picard und dem Pflegenotstand zu tun? Jede Menge.","og_url":"https:\/\/juergenkroder.com\/journalismus\/alexa-sprachassistenten-smart-home\/","og_site_name":"[ J\u00dcRGEN KRODER ]","article_published_time":"2019-08-01T05:10:35+00:00","article_modified_time":"2023-02-10T20:57:16+00:00","og_image":[{"url":"http:\/\/juergenkroder.com\/journalismus\/wp-content\/uploads\/2019\/07\/amazon-echo-alexa.jpg","type":"","width":"","height":""}],"author":"J\u00fcrgen Kroder","twitter_card":"summary_large_image","twitter_misc":{"Verfasst von":"J\u00fcrgen Kroder","Gesch\u00e4tzte Lesezeit":"4\u00a0Minuten"},"schema":{"@context":"https:\/\/schema.org","@graph":[{"@type":"Article","@id":"https:\/\/juergenkroder.com\/journalismus\/alexa-sprachassistenten-smart-home\/#article","isPartOf":{"@id":"https:\/\/juergenkroder.com\/journalismus\/alexa-sprachassistenten-smart-home\/"},"author":{"name":"J\u00fcrgen Kroder","@id":"https:\/\/juergenkroder.com\/journalismus\/#\/schema\/person\/709cd68915d9bbe7f3578f2448077561"},"headline":"Warum wir uns alle unbedingt eine Alexa zulegen sollten","datePublished":"2019-08-01T05:10:35+00:00","dateModified":"2023-02-10T20:57:16+00:00","mainEntityOfPage":{"@id":"https:\/\/juergenkroder.com\/journalismus\/alexa-sprachassistenten-smart-home\/"},"wordCount":694,"commentCount":0,"image":{"@id":"https:\/\/juergenkroder.com\/journalismus\/alexa-sprachassistenten-smart-home\/#primaryimage"},"thumbnailUrl":"http:\/\/juergenkroder.com\/journalismus\/wp-content\/uploads\/2019\/07\/amazon-echo-alexa.jpg","keywords":["Alexa","Amazon Echo","Apple Homepod","Blog","Google Home","KI","Siri","Sprachassistenten"],"articleSection":["Digitalisierung","Innovationen"],"inLanguage":"de","potentialAction":[{"@type":"CommentAction","name":"Comment","target":["https:\/\/juergenkroder.com\/journalismus\/alexa-sprachassistenten-smart-home\/#respond"]}]},{"@type":"WebPage","@id":"https:\/\/juergenkroder.com\/journalismus\/alexa-sprachassistenten-smart-home\/","url":"https:\/\/juergenkroder.com\/journalismus\/alexa-sprachassistenten-smart-home\/","name":"Warum wir uns alle unbedingt eine Alexa zulegen sollten - [ J\u00dcRGEN KRODER ]","isPartOf":{"@id":"https:\/\/juergenkroder.com\/journalismus\/#website"},"primaryImageOfPage":{"@id":"https:\/\/juergenkroder.com\/journalismus\/alexa-sprachassistenten-smart-home\/#primaryimage"},"image":{"@id":"https:\/\/juergenkroder.com\/journalismus\/alexa-sprachassistenten-smart-home\/#primaryimage"},"thumbnailUrl":"http:\/\/juergenkroder.com\/journalismus\/wp-content\/uploads\/2019\/07\/amazon-echo-alexa.jpg","datePublished":"2019-08-01T05:10:35+00:00","dateModified":"2023-02-10T20:57:16+00:00","author":{"@id":"https:\/\/juergenkroder.com\/journalismus\/#\/schema\/person\/709cd68915d9bbe7f3578f2448077561"},"description":"Was haben Alexa, Siri und andere Sprachassistenten mit Captain Picard und dem Pflegenotstand zu tun? Jede Menge.","breadcrumb":{"@id":"https:\/\/juergenkroder.com\/journalismus\/alexa-sprachassistenten-smart-home\/#breadcrumb"},"inLanguage":"de","potentialAction":[{"@type":"ReadAction","target":["https:\/\/juergenkroder.com\/journalismus\/alexa-sprachassistenten-smart-home\/"]}]},{"@type":"ImageObject","inLanguage":"de","@id":"https:\/\/juergenkroder.com\/journalismus\/alexa-sprachassistenten-smart-home\/#primaryimage","url":"https:\/\/juergenkroder.com\/journalismus\/wp-content\/uploads\/2019\/07\/amazon-echo-alexa.jpg","contentUrl":"https:\/\/juergenkroder.com\/journalismus\/wp-content\/uploads\/2019\/07\/amazon-echo-alexa.jpg","width":900,"height":400,"caption":"Sprachassistent Amazon Echo Alexa (Bild: Amazon)"},{"@type":"BreadcrumbList","@id":"https:\/\/juergenkroder.com\/journalismus\/alexa-sprachassistenten-smart-home\/#breadcrumb","itemListElement":[{"@type":"ListItem","position":1,"name":"Startseite","item":"https:\/\/juergenkroder.com\/journalismus\/"},{"@type":"ListItem","position":2,"name":"Warum wir uns alle unbedingt eine Alexa zulegen sollten"}]},{"@type":"WebSite","@id":"https:\/\/juergenkroder.com\/journalismus\/#website","url":"https:\/\/juergenkroder.com\/journalismus\/","name":"[ J\u00dcRGEN KRODER ]","description":"Ihr Texter, Fachautor &amp; Journalist f\u00fcr Digitalisierung, IT, KI, Tech, Start-ups und Marketing","potentialAction":[{"@type":"SearchAction","target":{"@type":"EntryPoint","urlTemplate":"https:\/\/juergenkroder.com\/journalismus\/?s={search_term_string}"},"query-input":{"@type":"PropertyValueSpecification","valueRequired":true,"valueName":"search_term_string"}}],"inLanguage":"de"},{"@type":"Person","@id":"https:\/\/juergenkroder.com\/journalismus\/#\/schema\/person\/709cd68915d9bbe7f3578f2448077561","name":"J\u00fcrgen Kroder","description":"Ich liebe Digitalisierung, KI, StartUps und Marketing. Deswegen schreibe ich als freier Fachautor f\u00fcr bekannte Publikationen \u00fcber diese Themengebiete. Und ich unterst\u00fctze als Marketing-Berater StartUps und mittelst\u00e4ndische Unternehmen bei ihrer Marketing-Strategie. Zudem arbeite ich noch als KI- und ChatGPT-Coach, um Anf\u00e4ngern den Einstieg zu erleichtern.","url":"https:\/\/juergenkroder.com\/journalismus\/author\/web558\/"}]}},"jetpack_featured_media_url":"","jetpack_shortlink":"https:\/\/wp.me\/pcqtTx-5j","jetpack-related-posts":[{"id":1520,"url":"https:\/\/juergenkroder.com\/journalismus\/warum-ich-jetzt-alexa-im-auto-habe-und-davon-begeistert-bin\/","url_meta":{"origin":329,"position":0},"title":"Warum ich jetzt Alexa im Auto habe &#8211; und davon begeistert bin","author":"J\u00fcrgen Kroder","date":"7. Juni 2020","format":false,"excerpt":"Lang lebe die Digitalisierung des Autos! Dank Alexa wird mein Vehikel ein wenig zum Smart Car, ich kann nun sicherer fahren und habe mehr Spa\u00df im Stau. Alexa, meine neue st\u00e4ndige Beifahrerin Darf ich vorstellen? Das ist meine neue Beifahrerin. Sie ist zirka f\u00fcnf Zentimeter breit und hei\u00dft Alexa. Sie\u2026","rel":"","context":"In &quot;Digitalisierung&quot;","block_context":{"text":"Digitalisierung","link":"https:\/\/juergenkroder.com\/journalismus\/category\/digitalisierung\/"},"img":{"alt_text":"","src":"https:\/\/i0.wp.com\/juergenkroder.com\/journalismus\/wp-content\/uploads\/2020\/08\/amazon-alexa-auto.jpg?resize=350%2C200&ssl=1","width":350,"height":200,"srcset":"https:\/\/i0.wp.com\/juergenkroder.com\/journalismus\/wp-content\/uploads\/2020\/08\/amazon-alexa-auto.jpg?resize=350%2C200&ssl=1 1x, https:\/\/i0.wp.com\/juergenkroder.com\/journalismus\/wp-content\/uploads\/2020\/08\/amazon-alexa-auto.jpg?resize=525%2C300&ssl=1 1.5x, https:\/\/i0.wp.com\/juergenkroder.com\/journalismus\/wp-content\/uploads\/2020\/08\/amazon-alexa-auto.jpg?resize=700%2C400&ssl=1 2x"},"classes":[]},{"id":2963,"url":"https:\/\/juergenkroder.com\/journalismus\/podcast-voice-search\/","url_meta":{"origin":329,"position":1},"title":"Warum solltest du auf Voice Search Marketing setzen?","author":"J\u00fcrgen Kroder","date":"27. M\u00e4rz 2022","format":false,"excerpt":"Siri und Alexa kennt fast jeder Mensch. Nutze die Potentiale der Sprachassistenten, indem du dich mit Voice Search Marketing besch\u00e4ftigst! Wie funktioniert Voice Search Marketing? Das erkl\u00e4rt dir Michael Wichterich in dieser Podcast-Episode! Michael ist Experte f\u00fcr Voice Search, Voice Search Marketing und Voice Search SEO. Im StartUpWissen Podcast zeigt\u2026","rel":"","context":"In &quot;Marketing&quot;","block_context":{"text":"Marketing","link":"https:\/\/juergenkroder.com\/journalismus\/category\/marketing\/"},"img":{"alt_text":"","src":"https:\/\/i0.wp.com\/juergenkroder.com\/journalismus\/wp-content\/uploads\/2022\/03\/voice-search-marketing.webp?resize=350%2C200&ssl=1","width":350,"height":200,"srcset":"https:\/\/i0.wp.com\/juergenkroder.com\/journalismus\/wp-content\/uploads\/2022\/03\/voice-search-marketing.webp?resize=350%2C200&ssl=1 1x, https:\/\/i0.wp.com\/juergenkroder.com\/journalismus\/wp-content\/uploads\/2022\/03\/voice-search-marketing.webp?resize=525%2C300&ssl=1 1.5x, https:\/\/i0.wp.com\/juergenkroder.com\/journalismus\/wp-content\/uploads\/2022\/03\/voice-search-marketing.webp?resize=700%2C400&ssl=1 2x"},"classes":[]},{"id":508,"url":"https:\/\/juergenkroder.com\/journalismus\/diese-innovationen-koennten-unser-leben-bis-2030-veraendern\/","url_meta":{"origin":329,"position":2},"title":"Diese Innovationen k\u00f6nnten unser Leben bis 2030 ver\u00e4ndern","author":"J\u00fcrgen Kroder","date":"3. Januar 2020","format":false,"excerpt":"Eine spannende Zukunft liegt vor uns. Quantencomputer, Flugtaxis und mehr: Diese Technologien und Disruptionen werden meiner Meinung nach bald vollkommen normal sein. Wir leben in der Zukunft unserer Kindheit Aliens greifen die Erde an, Kampfroboter wollen die Menschheit ausl\u00f6schen, und die Menschen besiedeln ferne Planeten: So sahen die Visionen von\u2026","rel":"","context":"In &quot;Digitalisierung&quot;","block_context":{"text":"Digitalisierung","link":"https:\/\/juergenkroder.com\/journalismus\/category\/digitalisierung\/"},"img":{"alt_text":"Zukunft 2030 Innovationen (Bild: Pixabay)","src":"https:\/\/i0.wp.com\/juergenkroder.com\/journalismus\/wp-content\/uploads\/2020\/01\/zukunft-2030-innovationen.jpg?resize=350%2C200","width":350,"height":200,"srcset":"https:\/\/i0.wp.com\/juergenkroder.com\/journalismus\/wp-content\/uploads\/2020\/01\/zukunft-2030-innovationen.jpg?resize=350%2C200 1x, https:\/\/i0.wp.com\/juergenkroder.com\/journalismus\/wp-content\/uploads\/2020\/01\/zukunft-2030-innovationen.jpg?resize=525%2C300 1.5x, https:\/\/i0.wp.com\/juergenkroder.com\/journalismus\/wp-content\/uploads\/2020\/01\/zukunft-2030-innovationen.jpg?resize=700%2C400 2x"},"classes":[]},{"id":267,"url":"https:\/\/juergenkroder.com\/journalismus\/paradox-obwohl-wir-schon-digital-leben-kommt-die-digitalisierung-nicht-voran\/","url_meta":{"origin":329,"position":3},"title":"Paradox: Obwohl wir schon digital leben, kommt die Digitalisierung nicht voran","author":"J\u00fcrgen Kroder","date":"28. September 2019","format":false,"excerpt":"Es gibt in Deutschland eine Kluft. Auf der einen Seite k\u00f6nnen wir ohne digitale Produkte nicht mehr leben. Andererseits geht die Digitalisierung nur im Schneckentempo voran. Was ist da los? Deutschland ist ein Entwicklungsland Der Breitband-Ausbau kommt seit vielen Jahren nicht voran. Es gibt neben SAP keine anderen, digitalen Big\u2026","rel":"","context":"In &quot;Digitalisierung&quot;","block_context":{"text":"Digitalisierung","link":"https:\/\/juergenkroder.com\/journalismus\/category\/digitalisierung\/"},"img":{"alt_text":"Digitalisierung im Alltag - Smartphone (Bild: Pixabay)","src":"https:\/\/i0.wp.com\/juergenkroder.com\/journalismus\/wp-content\/uploads\/2019\/07\/digitalisierung-alltag.jpg?resize=350%2C200","width":350,"height":200,"srcset":"https:\/\/i0.wp.com\/juergenkroder.com\/journalismus\/wp-content\/uploads\/2019\/07\/digitalisierung-alltag.jpg?resize=350%2C200 1x, https:\/\/i0.wp.com\/juergenkroder.com\/journalismus\/wp-content\/uploads\/2019\/07\/digitalisierung-alltag.jpg?resize=525%2C300 1.5x, https:\/\/i0.wp.com\/juergenkroder.com\/journalismus\/wp-content\/uploads\/2019\/07\/digitalisierung-alltag.jpg?resize=700%2C400 2x"},"classes":[]},{"id":641,"url":"https:\/\/juergenkroder.com\/journalismus\/digitalisierung-mitarbeiter-digitalkompetenz\/","url_meta":{"origin":329,"position":4},"title":"Bitte, liebe Unternehmer: Make Digitalisierung sexy!","author":"J\u00fcrgen Kroder","date":"12. November 2020","format":false,"excerpt":"Es kracht bei der Digitalen Transformation deutscher Unternehmen. Warum? Weil das Thema Digitalisierung noch nicht \"sexy\" genug ist. So geht's besser. Die zwei Welten der Digitalisierung Hach, mit der Digitalisierung ist es zum Verr\u00fccktwerden! Wie in meinem Blogbeitrag \u201cObwohl wir digital leben, kommt die Digitalisierung nicht voran\u201d beschrieben, agieren die\u2026","rel":"","context":"In &quot;Digitalisierung&quot;","block_context":{"text":"Digitalisierung","link":"https:\/\/juergenkroder.com\/journalismus\/category\/digitalisierung\/"},"img":{"alt_text":"","src":"https:\/\/i0.wp.com\/juergenkroder.com\/journalismus\/wp-content\/uploads\/2020\/03\/digitalisierung-make-it-sex.jpg?resize=350%2C200&ssl=1","width":350,"height":200,"srcset":"https:\/\/i0.wp.com\/juergenkroder.com\/journalismus\/wp-content\/uploads\/2020\/03\/digitalisierung-make-it-sex.jpg?resize=350%2C200&ssl=1 1x, https:\/\/i0.wp.com\/juergenkroder.com\/journalismus\/wp-content\/uploads\/2020\/03\/digitalisierung-make-it-sex.jpg?resize=525%2C300&ssl=1 1.5x, https:\/\/i0.wp.com\/juergenkroder.com\/journalismus\/wp-content\/uploads\/2020\/03\/digitalisierung-make-it-sex.jpg?resize=700%2C400&ssl=1 2x"},"classes":[]},{"id":214,"url":"https:\/\/juergenkroder.com\/journalismus\/amazon-ecommerce-einzelhandel\/","url_meta":{"origin":329,"position":5},"title":"Amazon macht den Einzelhandel platt &#8211; und das ist auch gut so","author":"J\u00fcrgen Kroder","date":"29. Oktober 2019","format":false,"excerpt":"Amazon ist b\u00f6se. Es zerst\u00f6rt unseren Einzelhandel. So der gemeinsame Konsens der Medien und der Bundesb\u00fcrger. Diese Sichtweise ist ziemlich einseitig und falsch. Die Hexenjagd gegen Amazon \u201cAmazon hat den Einzelhandel zerst\u00f6rt\u201d, \u201cSo gef\u00e4hrlich ist Amazons Macht\u201d, \u201cAmazon st\u00fcrzt den Einzelhandel ins Chaos\u201d, \u201cKaufh\u00e4user in Not: Amazon-Effekt ein Job-Killer\u201d. Diese\u2026","rel":"","context":"In &quot;E-Commerce&quot;","block_context":{"text":"E-Commerce","link":"https:\/\/juergenkroder.com\/journalismus\/category\/e-commerce\/"},"img":{"alt_text":"Amazon auf Notebook (Bild: Freepik)","src":"https:\/\/i0.wp.com\/juergenkroder.com\/journalismus\/wp-content\/uploads\/2019\/07\/amazon-ecommerce-notebook.jpg?resize=350%2C200","width":350,"height":200,"srcset":"https:\/\/i0.wp.com\/juergenkroder.com\/journalismus\/wp-content\/uploads\/2019\/07\/amazon-ecommerce-notebook.jpg?resize=350%2C200 1x, https:\/\/i0.wp.com\/juergenkroder.com\/journalismus\/wp-content\/uploads\/2019\/07\/amazon-ecommerce-notebook.jpg?resize=525%2C300 1.5x, https:\/\/i0.wp.com\/juergenkroder.com\/journalismus\/wp-content\/uploads\/2019\/07\/amazon-ecommerce-notebook.jpg?resize=700%2C400 2x"},"classes":[]}],"jetpack_sharing_enabled":true,"_links":{"self":[{"href":"https:\/\/juergenkroder.com\/journalismus\/wp-json\/wp\/v2\/posts\/329","targetHints":{"allow":["GET"]}}],"collection":[{"href":"https:\/\/juergenkroder.com\/journalismus\/wp-json\/wp\/v2\/posts"}],"about":[{"href":"https:\/\/juergenkroder.com\/journalismus\/wp-json\/wp\/v2\/types\/post"}],"author":[{"embeddable":true,"href":"https:\/\/juergenkroder.com\/journalismus\/wp-json\/wp\/v2\/users\/1"}],"replies":[{"embeddable":true,"href":"https:\/\/juergenkroder.com\/journalismus\/wp-json\/wp\/v2\/comments?post=329"}],"version-history":[{"count":10,"href":"https:\/\/juergenkroder.com\/journalismus\/wp-json\/wp\/v2\/posts\/329\/revisions"}],"predecessor-version":[{"id":1008,"href":"https:\/\/juergenkroder.com\/journalismus\/wp-json\/wp\/v2\/posts\/329\/revisions\/1008"}],"wp:attachment":[{"href":"https:\/\/juergenkroder.com\/journalismus\/wp-json\/wp\/v2\/media?parent=329"}],"wp:term":[{"taxonomy":"category","embeddable":true,"href":"https:\/\/juergenkroder.com\/journalismus\/wp-json\/wp\/v2\/categories?post=329"},{"taxonomy":"post_tag","embeddable":true,"href":"https:\/\/juergenkroder.com\/journalismus\/wp-json\/wp\/v2\/tags?post=329"}],"curies":[{"name":"wp","href":"https:\/\/api.w.org\/{rel}","templated":true}]}}