{"id":3840,"date":"2023-03-22T18:41:53","date_gmt":"2023-03-22T17:41:53","guid":{"rendered":"https:\/\/juergenkroder.com\/journalismus\/?p=3840"},"modified":"2025-02-18T12:01:10","modified_gmt":"2025-02-18T11:01:10","slug":"business-skalieren","status":"publish","type":"post","link":"https:\/\/juergenkroder.com\/journalismus\/business-skalieren\/","title":{"rendered":"Wachstum! Wann und wie sollte man sein Business skalieren?"},"content":{"rendered":"<p><img loading=\"lazy\" decoding=\"async\" class=\"size-full wp-image-1016\" src=\"https:\/\/juergenkroder.com\/journalismus\/wp-content\/uploads\/2023\/03\/scaleup-company.jpg\" alt=\"\" width=\"900\" height=\"400\" \/><\/p>\n<p><strong>M\u00f6chtest du, dass dein Unternehmen schnell wachsen &#8211; also skalieren &#8211; soll? Dann gehe dein Vorhaben mit einem Plan an!<\/strong><\/p>\n<p><!--more--><\/p>\n<p><span style=\"font-weight: 400;\">In dieser Episode des StartUpWissen Podcast unterhalte ich mich mit Benjamin Jenner \u00fcber das Thema <a href=\"https:\/\/startupwissen.biz\/was-bedeutet-eigentlich-scaleup\/\" target=\"_blank\" rel=\"noopener\">ScaleUps<\/a>. Benjamin ist Skalierungsexperte und liefert zahlreiche wichtige Tipps.<\/span><\/p>\n<div class=\"jetpack-video-wrapper\"><span class=\"embed-youtube\" style=\"text-align:center; display: block;\"><iframe loading=\"lazy\" class=\"youtube-player\" width=\"700\" height=\"394\" src=\"https:\/\/www.youtube.com\/embed\/Z_ZwxOCuVq0?version=3&#038;rel=1&#038;showsearch=0&#038;showinfo=1&#038;iv_load_policy=1&#038;fs=1&#038;hl=de-DE&#038;autohide=2&#038;wmode=transparent\" allowfullscreen=\"true\" style=\"border:0;\" sandbox=\"allow-scripts allow-same-origin allow-popups allow-presentation allow-popups-to-escape-sandbox\"><\/iframe><\/span><\/div>\n<p>Doch Benjamin gibt nicht nur handfeste Ratschl\u00e4ge. Mit ihm rede ich auch \u00fcber wichtiger Vor\u00fcberlegungen. Denn: Nicht jedes StartUp oder etablierte Unternehmen muss unbedingt schnell wachsen! Unter Umst\u00e4nden ist eine <a href=\"https:\/\/startupwissen.biz\/zebra-startup-erklaerung-definition\/\" target=\"_blank\" rel=\"noopener\">Zebra-StartUp-Strategie<\/a> besser.<\/p>\n<p>&nbsp;<\/p>\n","protected":false},"excerpt":{"rendered":"<p>M\u00f6chtest du, dass dein Unternehmen schnell wachsen &#8211; also skalieren &#8211; soll? Dann gehe dein Vorhaben mit einem Plan an!<\/p>\n","protected":false},"author":2,"featured_media":0,"comment_status":"open","ping_status":"open","sticky":false,"template":"","format":"standard","meta":{"_jetpack_memberships_contains_paid_content":false,"footnotes":"","_links_to":"","_links_to_target":""},"categories":[198],"tags":[122],"class_list":["post-3840","post","type-post","status-publish","format-standard","hentry","category-management","tag-usp-marketing-podcast","no-thumbnail"],"yoast_head":"<!-- This site is optimized with the Yoast SEO plugin v27.5 - https:\/\/yoast.com\/product\/yoast-seo-wordpress\/ -->\n<title>Wachstum! Wann und wie sollte man sein Business skalieren? - [ J\u00dcRGEN KRODER ]<\/title>\n<meta name=\"description\" content=\"M\u00f6chtest du, dass dein Unternehmen schnell wachsen - also skalieren - soll? Dann gehe dein Vorhaben mit einem Plan an!\" \/>\n<meta name=\"robots\" content=\"index, follow, max-snippet:-1, max-image-preview:large, max-video-preview:-1\" \/>\n<link rel=\"canonical\" href=\"https:\/\/juergenkroder.com\/journalismus\/business-skalieren\/\" \/>\n<meta property=\"og:locale\" content=\"de_DE\" \/>\n<meta property=\"og:type\" content=\"article\" \/>\n<meta property=\"og:title\" content=\"Wachstum! Wann und wie sollte man sein Business skalieren? - [ J\u00dcRGEN KRODER ]\" \/>\n<meta property=\"og:description\" content=\"M\u00f6chtest du, dass dein Unternehmen schnell wachsen - also skalieren - soll? Dann gehe dein Vorhaben mit einem Plan an!\" \/>\n<meta property=\"og:url\" content=\"https:\/\/juergenkroder.com\/journalismus\/business-skalieren\/\" \/>\n<meta property=\"og:site_name\" content=\"[ J\u00dcRGEN KRODER ]\" \/>\n<meta property=\"article:published_time\" content=\"2023-03-22T17:41:53+00:00\" \/>\n<meta property=\"article:modified_time\" content=\"2025-02-18T11:01:10+00:00\" \/>\n<meta property=\"og:image\" content=\"https:\/\/juergenkroder.com\/journalismus\/wp-content\/uploads\/2020\/04\/marketing-timing.jpg\" \/>\n\t<meta property=\"og:image:width\" content=\"900\" \/>\n\t<meta property=\"og:image:height\" content=\"400\" \/>\n\t<meta property=\"og:image:type\" content=\"image\/jpeg\" \/>\n<meta name=\"author\" content=\"J\u00fcrgen Kroder\" \/>\n<meta name=\"twitter:card\" content=\"summary_large_image\" \/>\n<meta name=\"twitter:creator\" content=\"@juergenkroder\" \/>\n<meta name=\"twitter:label1\" content=\"Verfasst von\" \/>\n\t<meta name=\"twitter:data1\" content=\"J\u00fcrgen Kroder\" \/>\n\t<meta name=\"twitter:label2\" content=\"Gesch\u00e4tzte Lesezeit\" \/>\n\t<meta name=\"twitter:data2\" content=\"1\u00a0Minute\" \/>\n<script type=\"application\/ld+json\" class=\"yoast-schema-graph\">{\"@context\":\"https:\\\/\\\/schema.org\",\"@graph\":[{\"@type\":\"Article\",\"@id\":\"https:\\\/\\\/juergenkroder.com\\\/journalismus\\\/business-skalieren\\\/#article\",\"isPartOf\":{\"@id\":\"https:\\\/\\\/juergenkroder.com\\\/journalismus\\\/business-skalieren\\\/\"},\"author\":{\"name\":\"J\u00fcrgen Kroder\",\"@id\":\"https:\\\/\\\/juergenkroder.com\\\/journalismus\\\/#\\\/schema\\\/person\\\/28235210f16871bd79a64369c9141d5d\"},\"headline\":\"Wachstum! Wann und wie sollte man sein Business skalieren?\",\"datePublished\":\"2023-03-22T17:41:53+00:00\",\"dateModified\":\"2025-02-18T11:01:10+00:00\",\"mainEntityOfPage\":{\"@id\":\"https:\\\/\\\/juergenkroder.com\\\/journalismus\\\/business-skalieren\\\/\"},\"wordCount\":100,\"commentCount\":0,\"image\":{\"@id\":\"https:\\\/\\\/juergenkroder.com\\\/journalismus\\\/business-skalieren\\\/#primaryimage\"},\"thumbnailUrl\":\"https:\\\/\\\/juergenkroder.com\\\/journalismus\\\/wp-content\\\/uploads\\\/2023\\\/03\\\/scaleup-company.jpg\",\"keywords\":[\"USP Marketing Podcast \\\/ StartUpWissen Podcast\"],\"articleSection\":[\"Management\"],\"inLanguage\":\"de\",\"potentialAction\":[{\"@type\":\"CommentAction\",\"name\":\"Comment\",\"target\":[\"https:\\\/\\\/juergenkroder.com\\\/journalismus\\\/business-skalieren\\\/#respond\"]}]},{\"@type\":\"WebPage\",\"@id\":\"https:\\\/\\\/juergenkroder.com\\\/journalismus\\\/business-skalieren\\\/\",\"url\":\"https:\\\/\\\/juergenkroder.com\\\/journalismus\\\/business-skalieren\\\/\",\"name\":\"Wachstum! Wann und wie sollte man sein Business skalieren? - [ J\u00dcRGEN KRODER ]\",\"isPartOf\":{\"@id\":\"https:\\\/\\\/juergenkroder.com\\\/journalismus\\\/#website\"},\"primaryImageOfPage\":{\"@id\":\"https:\\\/\\\/juergenkroder.com\\\/journalismus\\\/business-skalieren\\\/#primaryimage\"},\"image\":{\"@id\":\"https:\\\/\\\/juergenkroder.com\\\/journalismus\\\/business-skalieren\\\/#primaryimage\"},\"thumbnailUrl\":\"https:\\\/\\\/juergenkroder.com\\\/journalismus\\\/wp-content\\\/uploads\\\/2023\\\/03\\\/scaleup-company.jpg\",\"datePublished\":\"2023-03-22T17:41:53+00:00\",\"dateModified\":\"2025-02-18T11:01:10+00:00\",\"author\":{\"@id\":\"https:\\\/\\\/juergenkroder.com\\\/journalismus\\\/#\\\/schema\\\/person\\\/28235210f16871bd79a64369c9141d5d\"},\"description\":\"M\u00f6chtest du, dass dein Unternehmen schnell wachsen - also skalieren - soll? Dann gehe dein Vorhaben mit einem Plan an!\",\"breadcrumb\":{\"@id\":\"https:\\\/\\\/juergenkroder.com\\\/journalismus\\\/business-skalieren\\\/#breadcrumb\"},\"inLanguage\":\"de\",\"potentialAction\":[{\"@type\":\"ReadAction\",\"target\":[\"https:\\\/\\\/juergenkroder.com\\\/journalismus\\\/business-skalieren\\\/\"]}]},{\"@type\":\"ImageObject\",\"inLanguage\":\"de\",\"@id\":\"https:\\\/\\\/juergenkroder.com\\\/journalismus\\\/business-skalieren\\\/#primaryimage\",\"url\":\"https:\\\/\\\/juergenkroder.com\\\/journalismus\\\/wp-content\\\/uploads\\\/2023\\\/03\\\/scaleup-company.jpg\",\"contentUrl\":\"https:\\\/\\\/juergenkroder.com\\\/journalismus\\\/wp-content\\\/uploads\\\/2023\\\/03\\\/scaleup-company.jpg\",\"width\":900,\"height\":400},{\"@type\":\"BreadcrumbList\",\"@id\":\"https:\\\/\\\/juergenkroder.com\\\/journalismus\\\/business-skalieren\\\/#breadcrumb\",\"itemListElement\":[{\"@type\":\"ListItem\",\"position\":1,\"name\":\"Startseite\",\"item\":\"https:\\\/\\\/juergenkroder.com\\\/journalismus\\\/\"},{\"@type\":\"ListItem\",\"position\":2,\"name\":\"Wachstum! Wann und wie sollte man sein Business skalieren?\"}]},{\"@type\":\"WebSite\",\"@id\":\"https:\\\/\\\/juergenkroder.com\\\/journalismus\\\/#website\",\"url\":\"https:\\\/\\\/juergenkroder.com\\\/journalismus\\\/\",\"name\":\"[ J\u00dcRGEN KRODER ]\",\"description\":\"Ihr Texter, Fachautor &amp; Journalist f\u00fcr Digitalisierung, IT, KI, Tech, Start-ups und Marketing\",\"potentialAction\":[{\"@type\":\"SearchAction\",\"target\":{\"@type\":\"EntryPoint\",\"urlTemplate\":\"https:\\\/\\\/juergenkroder.com\\\/journalismus\\\/?s={search_term_string}\"},\"query-input\":{\"@type\":\"PropertyValueSpecification\",\"valueRequired\":true,\"valueName\":\"search_term_string\"}}],\"inLanguage\":\"de\"},{\"@type\":\"Person\",\"@id\":\"https:\\\/\\\/juergenkroder.com\\\/journalismus\\\/#\\\/schema\\\/person\\\/28235210f16871bd79a64369c9141d5d\",\"name\":\"J\u00fcrgen Kroder\",\"description\":\"Ich liebe Digitalisierung, KI, StartUps und Marketing. Deswegen schreibe ich als freier Fachautor f\u00fcr bekannte Publikationen \u00fcber diese Themengebiete. Und ich unterst\u00fctze als Marketing-Berater StartUps und mittelst\u00e4ndische Unternehmen bei ihrer Marketing-Strategie. Zudem arbeite ich noch als KI- und ChatGPT-Coach, um Anf\u00e4ngern den Einstieg zu erleichtern.\",\"sameAs\":[\"http:\\\/\\\/juergenkroder.com\\\/\",\"https:\\\/\\\/www.linkedin.com\\\/in\\\/jrgen-kroder-48272a51\\\/\",\"https:\\\/\\\/x.com\\\/juergenkroder\"],\"url\":\"https:\\\/\\\/juergenkroder.com\\\/journalismus\\\/author\\\/juergen\\\/\"}]}<\/script>\n<!-- \/ Yoast SEO plugin. -->","yoast_head_json":{"title":"Wachstum! Wann und wie sollte man sein Business skalieren? - [ J\u00dcRGEN KRODER ]","description":"M\u00f6chtest du, dass dein Unternehmen schnell wachsen - also skalieren - soll? Dann gehe dein Vorhaben mit einem Plan an!","robots":{"index":"index","follow":"follow","max-snippet":"max-snippet:-1","max-image-preview":"max-image-preview:large","max-video-preview":"max-video-preview:-1"},"canonical":"https:\/\/juergenkroder.com\/journalismus\/business-skalieren\/","og_locale":"de_DE","og_type":"article","og_title":"Wachstum! Wann und wie sollte man sein Business skalieren? - [ J\u00dcRGEN KRODER ]","og_description":"M\u00f6chtest du, dass dein Unternehmen schnell wachsen - also skalieren - soll? Dann gehe dein Vorhaben mit einem Plan an!","og_url":"https:\/\/juergenkroder.com\/journalismus\/business-skalieren\/","og_site_name":"[ J\u00dcRGEN KRODER ]","article_published_time":"2023-03-22T17:41:53+00:00","article_modified_time":"2025-02-18T11:01:10+00:00","og_image":[{"width":900,"height":400,"url":"https:\/\/juergenkroder.com\/journalismus\/wp-content\/uploads\/2020\/04\/marketing-timing.jpg","type":"image\/jpeg"}],"author":"J\u00fcrgen Kroder","twitter_card":"summary_large_image","twitter_creator":"@juergenkroder","twitter_misc":{"Verfasst von":"J\u00fcrgen Kroder","Gesch\u00e4tzte Lesezeit":"1\u00a0Minute"},"schema":{"@context":"https:\/\/schema.org","@graph":[{"@type":"Article","@id":"https:\/\/juergenkroder.com\/journalismus\/business-skalieren\/#article","isPartOf":{"@id":"https:\/\/juergenkroder.com\/journalismus\/business-skalieren\/"},"author":{"name":"J\u00fcrgen Kroder","@id":"https:\/\/juergenkroder.com\/journalismus\/#\/schema\/person\/28235210f16871bd79a64369c9141d5d"},"headline":"Wachstum! Wann und wie sollte man sein Business skalieren?","datePublished":"2023-03-22T17:41:53+00:00","dateModified":"2025-02-18T11:01:10+00:00","mainEntityOfPage":{"@id":"https:\/\/juergenkroder.com\/journalismus\/business-skalieren\/"},"wordCount":100,"commentCount":0,"image":{"@id":"https:\/\/juergenkroder.com\/journalismus\/business-skalieren\/#primaryimage"},"thumbnailUrl":"https:\/\/juergenkroder.com\/journalismus\/wp-content\/uploads\/2023\/03\/scaleup-company.jpg","keywords":["USP Marketing Podcast \/ StartUpWissen Podcast"],"articleSection":["Management"],"inLanguage":"de","potentialAction":[{"@type":"CommentAction","name":"Comment","target":["https:\/\/juergenkroder.com\/journalismus\/business-skalieren\/#respond"]}]},{"@type":"WebPage","@id":"https:\/\/juergenkroder.com\/journalismus\/business-skalieren\/","url":"https:\/\/juergenkroder.com\/journalismus\/business-skalieren\/","name":"Wachstum! Wann und wie sollte man sein Business skalieren? - [ J\u00dcRGEN KRODER ]","isPartOf":{"@id":"https:\/\/juergenkroder.com\/journalismus\/#website"},"primaryImageOfPage":{"@id":"https:\/\/juergenkroder.com\/journalismus\/business-skalieren\/#primaryimage"},"image":{"@id":"https:\/\/juergenkroder.com\/journalismus\/business-skalieren\/#primaryimage"},"thumbnailUrl":"https:\/\/juergenkroder.com\/journalismus\/wp-content\/uploads\/2023\/03\/scaleup-company.jpg","datePublished":"2023-03-22T17:41:53+00:00","dateModified":"2025-02-18T11:01:10+00:00","author":{"@id":"https:\/\/juergenkroder.com\/journalismus\/#\/schema\/person\/28235210f16871bd79a64369c9141d5d"},"description":"M\u00f6chtest du, dass dein Unternehmen schnell wachsen - also skalieren - soll? Dann gehe dein Vorhaben mit einem Plan an!","breadcrumb":{"@id":"https:\/\/juergenkroder.com\/journalismus\/business-skalieren\/#breadcrumb"},"inLanguage":"de","potentialAction":[{"@type":"ReadAction","target":["https:\/\/juergenkroder.com\/journalismus\/business-skalieren\/"]}]},{"@type":"ImageObject","inLanguage":"de","@id":"https:\/\/juergenkroder.com\/journalismus\/business-skalieren\/#primaryimage","url":"https:\/\/juergenkroder.com\/journalismus\/wp-content\/uploads\/2023\/03\/scaleup-company.jpg","contentUrl":"https:\/\/juergenkroder.com\/journalismus\/wp-content\/uploads\/2023\/03\/scaleup-company.jpg","width":900,"height":400},{"@type":"BreadcrumbList","@id":"https:\/\/juergenkroder.com\/journalismus\/business-skalieren\/#breadcrumb","itemListElement":[{"@type":"ListItem","position":1,"name":"Startseite","item":"https:\/\/juergenkroder.com\/journalismus\/"},{"@type":"ListItem","position":2,"name":"Wachstum! Wann und wie sollte man sein Business skalieren?"}]},{"@type":"WebSite","@id":"https:\/\/juergenkroder.com\/journalismus\/#website","url":"https:\/\/juergenkroder.com\/journalismus\/","name":"[ J\u00dcRGEN KRODER ]","description":"Ihr Texter, Fachautor &amp; Journalist f\u00fcr Digitalisierung, IT, KI, Tech, Start-ups und Marketing","potentialAction":[{"@type":"SearchAction","target":{"@type":"EntryPoint","urlTemplate":"https:\/\/juergenkroder.com\/journalismus\/?s={search_term_string}"},"query-input":{"@type":"PropertyValueSpecification","valueRequired":true,"valueName":"search_term_string"}}],"inLanguage":"de"},{"@type":"Person","@id":"https:\/\/juergenkroder.com\/journalismus\/#\/schema\/person\/28235210f16871bd79a64369c9141d5d","name":"J\u00fcrgen Kroder","description":"Ich liebe Digitalisierung, KI, StartUps und Marketing. Deswegen schreibe ich als freier Fachautor f\u00fcr bekannte Publikationen \u00fcber diese Themengebiete. Und ich unterst\u00fctze als Marketing-Berater StartUps und mittelst\u00e4ndische Unternehmen bei ihrer Marketing-Strategie. Zudem arbeite ich noch als KI- und ChatGPT-Coach, um Anf\u00e4ngern den Einstieg zu erleichtern.","sameAs":["http:\/\/juergenkroder.com\/","https:\/\/www.linkedin.com\/in\/jrgen-kroder-48272a51\/","https:\/\/x.com\/juergenkroder"],"url":"https:\/\/juergenkroder.com\/journalismus\/author\/juergen\/"}]}},"jetpack_featured_media_url":"","jetpack_shortlink":"https:\/\/wp.me\/pcqtTx-ZW","jetpack-related-posts":[{"id":2499,"url":"https:\/\/juergenkroder.com\/journalismus\/solar-startup-enpal\/","url_meta":{"origin":3840,"position":0},"title":"Wie kann ein StartUp im umk\u00e4mpften Photovoltaik-Markt bestehen?","author":"J\u00fcrgen Kroder","date":"22. Juli 2021","format":false,"excerpt":"Solarstrom made in Germany: Enpal hat ein neuartiges Gesch\u00e4ftsmodell f\u00fcr Photovoltaik entwickelt. Wie funktioniert das genau? Shine, baby, shine! 2010 - ein verr\u00fccktes Jahr. Lena Meyer-Landrut gewann den Eurovision Song Contest, Sebastian Vettel raste sich zur Formel-1-Weltmeisterschaft und Larry Hagmann engagierte sich f\u00fcr Solarstrom. Larry \u2026 wer? Na, J.R. Ewing\u2026","rel":"","context":"In &quot;Digitalisierung&quot;","block_context":{"text":"Digitalisierung","link":"https:\/\/juergenkroder.com\/journalismus\/category\/digitalisierung\/"},"img":{"alt_text":"USP Marketing Podcast - Enpal (Bild: Freepik)","src":"https:\/\/i0.wp.com\/juergenkroder.com\/journalismus\/wp-content\/uploads\/2021\/07\/usp-podcast-35-blog.jpg?resize=350%2C200&ssl=1","width":350,"height":200,"srcset":"https:\/\/i0.wp.com\/juergenkroder.com\/journalismus\/wp-content\/uploads\/2021\/07\/usp-podcast-35-blog.jpg?resize=350%2C200&ssl=1 1x, https:\/\/i0.wp.com\/juergenkroder.com\/journalismus\/wp-content\/uploads\/2021\/07\/usp-podcast-35-blog.jpg?resize=525%2C300&ssl=1 1.5x, https:\/\/i0.wp.com\/juergenkroder.com\/journalismus\/wp-content\/uploads\/2021\/07\/usp-podcast-35-blog.jpg?resize=700%2C400&ssl=1 2x"},"classes":[]},{"id":2110,"url":"https:\/\/juergenkroder.com\/journalismus\/usp-podcast-seo-mythen\/","url_meta":{"origin":3840,"position":1},"title":"SEO-Mythen: Was hilft (nicht) bei der Suchmaschinen-Optimierung?","author":"J\u00fcrgen Kroder","date":"27. Januar 2021","format":false,"excerpt":"Im Bereich SEO passiert st\u00e4ndig etwas. Trotzdem halten sich hartn\u00e4ckig einige veraltete Tipps. Ein Experte erkl\u00e4rt, was stimmt und was nicht. Die ultimativen SEO-Tipps \u2026 oder doch nicht? Die Keyword-Dichte ist extrem wichtig, ebenso sollten Blogbeitr\u00e4ge aus mindestens 10.000 Worten bestehen. Alle Backlinks m\u00fcssen unbedingt \u201cdofollow\u201d sein, t\u00e4gliches Posten bringt\u2026","rel":"","context":"In &quot;Marketing&quot;","block_context":{"text":"Marketing","link":"https:\/\/juergenkroder.com\/journalismus\/category\/marketing\/"},"img":{"alt_text":"","src":"https:\/\/i0.wp.com\/juergenkroder.com\/journalismus\/wp-content\/uploads\/2021\/01\/usp-podcast-24-teaser.jpg?resize=350%2C200&ssl=1","width":350,"height":200,"srcset":"https:\/\/i0.wp.com\/juergenkroder.com\/journalismus\/wp-content\/uploads\/2021\/01\/usp-podcast-24-teaser.jpg?resize=350%2C200&ssl=1 1x, https:\/\/i0.wp.com\/juergenkroder.com\/journalismus\/wp-content\/uploads\/2021\/01\/usp-podcast-24-teaser.jpg?resize=525%2C300&ssl=1 1.5x, https:\/\/i0.wp.com\/juergenkroder.com\/journalismus\/wp-content\/uploads\/2021\/01\/usp-podcast-24-teaser.jpg?resize=700%2C400&ssl=1 2x"},"classes":[]},{"id":2784,"url":"https:\/\/juergenkroder.com\/journalismus\/podcast-startups-investoren\/","url_meta":{"origin":3840,"position":2},"title":"Wie kommen StartUps mit Investoren zusammen?","author":"J\u00fcrgen Kroder","date":"13. Dezember 2021","format":false,"excerpt":"Einen Investor zu finden ist alles andere als leicht. Darauf achten Kapitalgeber bevor sie in ein Unternehmen investieren. Wie k\u00f6nnen junge Unternehmen bei Investoren punkten? Bootstrapping, Bankkredit, Crowdfunding, F\u00f6rdermittel und so weiter: Es gibt zahlreiche Wege, ein StartUp zu finanzieren. Als eine sehr beliebte M\u00f6glichkeit gilt die Zusammenarbeit mit Investoren.\u2026","rel":"","context":"In &quot;Digitalisierung&quot;","block_context":{"text":"Digitalisierung","link":"https:\/\/juergenkroder.com\/journalismus\/category\/digitalisierung\/"},"img":{"alt_text":"Bild: Shutterstock","src":"https:\/\/i0.wp.com\/juergenkroder.com\/journalismus\/wp-content\/uploads\/2021\/12\/startup-investor-suche.jpg?resize=350%2C200&ssl=1","width":350,"height":200,"srcset":"https:\/\/i0.wp.com\/juergenkroder.com\/journalismus\/wp-content\/uploads\/2021\/12\/startup-investor-suche.jpg?resize=350%2C200&ssl=1 1x, https:\/\/i0.wp.com\/juergenkroder.com\/journalismus\/wp-content\/uploads\/2021\/12\/startup-investor-suche.jpg?resize=525%2C300&ssl=1 1.5x, https:\/\/i0.wp.com\/juergenkroder.com\/journalismus\/wp-content\/uploads\/2021\/12\/startup-investor-suche.jpg?resize=700%2C400&ssl=1 2x"},"classes":[]},{"id":2764,"url":"https:\/\/juergenkroder.com\/journalismus\/boersengang-podcast-tipps\/","url_meta":{"origin":3840,"position":3},"title":"Vom StartUp zur AG: Was muss beim B\u00f6rsengang beachtet werden?","author":"J\u00fcrgen Kroder","date":"2. Dezember 2021","format":false,"excerpt":"M\u00f6chtest du dein Unternehmen zur Aktiengesellschaft umfirmieren und an die B\u00f6rse bringen? Das alles ist zu bedenken. Ein B\u00f6rsengang sollte gut \u00fcberlegt sein \u201cVorstand zu sein ist viel mehr Aufwand, als man denkt. Denn eine AG ist ein sehr aufw\u00e4ndiges Konstrukt\u201d, erkl\u00e4rt Martin im Podcast-Gespr\u00e4ch. \u201cMan verliert einige Freiheitsgrade im\u2026","rel":"","context":"In &quot;Digitalisierung&quot;","block_context":{"text":"Digitalisierung","link":"https:\/\/juergenkroder.com\/journalismus\/category\/digitalisierung\/"},"img":{"alt_text":"","src":"https:\/\/i0.wp.com\/juergenkroder.com\/journalismus\/wp-content\/uploads\/2021\/12\/usp-podcast-blog-teaser.jpg?resize=350%2C200&ssl=1","width":350,"height":200,"srcset":"https:\/\/i0.wp.com\/juergenkroder.com\/journalismus\/wp-content\/uploads\/2021\/12\/usp-podcast-blog-teaser.jpg?resize=350%2C200&ssl=1 1x, https:\/\/i0.wp.com\/juergenkroder.com\/journalismus\/wp-content\/uploads\/2021\/12\/usp-podcast-blog-teaser.jpg?resize=525%2C300&ssl=1 1.5x, https:\/\/i0.wp.com\/juergenkroder.com\/journalismus\/wp-content\/uploads\/2021\/12\/usp-podcast-blog-teaser.jpg?resize=700%2C400&ssl=1 2x"},"classes":[]},{"id":2999,"url":"https:\/\/juergenkroder.com\/journalismus\/gruender-scheitern\/","url_meta":{"origin":3840,"position":4},"title":"Wie k\u00f6nnen Gr\u00fcnder m\u00f6glichst schnell scheitern?","author":"J\u00fcrgen Kroder","date":"13. April 2022","format":false,"excerpt":"Gibt es gute Tipps, mit denen Gr\u00fcnder ihr StartUp flott gegen die Wand fahren k\u00f6nnen? Im Podcast erf\u00e4hrst du es. Halt! Stopp! Selbstverst\u00e4ndlich m\u00f6chte ich nicht, dass junge Unternehmen scheitern. Und das m\u00f6chte auch nicht Carsten Lexa, mein Gast in der 20. Episode des StartUpWissen Podcasts. Wir ziehen das Thema\u2026","rel":"","context":"In &quot;Innovationen&quot;","block_context":{"text":"Innovationen","link":"https:\/\/juergenkroder.com\/journalismus\/category\/innovationen\/"},"img":{"alt_text":"","src":"https:\/\/i0.wp.com\/juergenkroder.com\/journalismus\/wp-content\/uploads\/2022\/04\/startup-scheitern-fail.jpg?resize=350%2C200&ssl=1","width":350,"height":200,"srcset":"https:\/\/i0.wp.com\/juergenkroder.com\/journalismus\/wp-content\/uploads\/2022\/04\/startup-scheitern-fail.jpg?resize=350%2C200&ssl=1 1x, https:\/\/i0.wp.com\/juergenkroder.com\/journalismus\/wp-content\/uploads\/2022\/04\/startup-scheitern-fail.jpg?resize=525%2C300&ssl=1 1.5x, https:\/\/i0.wp.com\/juergenkroder.com\/journalismus\/wp-content\/uploads\/2022\/04\/startup-scheitern-fail.jpg?resize=700%2C400&ssl=1 2x"},"classes":[]},{"id":3317,"url":"https:\/\/juergenkroder.com\/journalismus\/unternehmenskrise\/","url_meta":{"origin":3840,"position":5},"title":"Unternehmenskrise: Wie l\u00e4sst sie sich erkennen und meistern?","author":"J\u00fcrgen Kroder","date":"1. September 2022","format":false,"excerpt":"Ist es eine Flaute oder schon eine echte Krise? Steht dein Unternehmen gar kurz vor der Pleite? So findest du es heraus. Was ist eigentlich eine echte Unternehmenskrise? Wie kannst du sie fr\u00fchzeitig erkennen? Und wie solltest du richtig handeln? Die Antworten auf diese Fragen bekommst du in dieser Folge\u2026","rel":"","context":"In &quot;Management&quot;","block_context":{"text":"Management","link":"https:\/\/juergenkroder.com\/journalismus\/category\/management\/"},"img":{"alt_text":"Bild: Freepik","src":"https:\/\/i0.wp.com\/juergenkroder.com\/journalismus\/wp-content\/uploads\/2022\/09\/unternehmenskrise.jpg?resize=350%2C200&ssl=1","width":350,"height":200,"srcset":"https:\/\/i0.wp.com\/juergenkroder.com\/journalismus\/wp-content\/uploads\/2022\/09\/unternehmenskrise.jpg?resize=350%2C200&ssl=1 1x, https:\/\/i0.wp.com\/juergenkroder.com\/journalismus\/wp-content\/uploads\/2022\/09\/unternehmenskrise.jpg?resize=525%2C300&ssl=1 1.5x, https:\/\/i0.wp.com\/juergenkroder.com\/journalismus\/wp-content\/uploads\/2022\/09\/unternehmenskrise.jpg?resize=700%2C400&ssl=1 2x"},"classes":[]}],"jetpack_sharing_enabled":true,"_links":{"self":[{"href":"https:\/\/juergenkroder.com\/journalismus\/wp-json\/wp\/v2\/posts\/3840","targetHints":{"allow":["GET"]}}],"collection":[{"href":"https:\/\/juergenkroder.com\/journalismus\/wp-json\/wp\/v2\/posts"}],"about":[{"href":"https:\/\/juergenkroder.com\/journalismus\/wp-json\/wp\/v2\/types\/post"}],"author":[{"embeddable":true,"href":"https:\/\/juergenkroder.com\/journalismus\/wp-json\/wp\/v2\/users\/2"}],"replies":[{"embeddable":true,"href":"https:\/\/juergenkroder.com\/journalismus\/wp-json\/wp\/v2\/comments?post=3840"}],"version-history":[{"count":5,"href":"https:\/\/juergenkroder.com\/journalismus\/wp-json\/wp\/v2\/posts\/3840\/revisions"}],"predecessor-version":[{"id":5801,"href":"https:\/\/juergenkroder.com\/journalismus\/wp-json\/wp\/v2\/posts\/3840\/revisions\/5801"}],"wp:attachment":[{"href":"https:\/\/juergenkroder.com\/journalismus\/wp-json\/wp\/v2\/media?parent=3840"}],"wp:term":[{"taxonomy":"category","embeddable":true,"href":"https:\/\/juergenkroder.com\/journalismus\/wp-json\/wp\/v2\/categories?post=3840"},{"taxonomy":"post_tag","embeddable":true,"href":"https:\/\/juergenkroder.com\/journalismus\/wp-json\/wp\/v2\/tags?post=3840"}],"curies":[{"name":"wp","href":"https:\/\/api.w.org\/{rel}","templated":true}]}}