{"id":3976,"date":"2023-04-26T08:50:29","date_gmt":"2023-04-26T06:50:29","guid":{"rendered":"https:\/\/juergenkroder.com\/journalismus\/?p=3976"},"modified":"2023-04-26T08:57:34","modified_gmt":"2023-04-26T06:57:34","slug":"fachkraeftemangel-anpacken","status":"publish","type":"post","link":"https:\/\/juergenkroder.com\/journalismus\/fachkraeftemangel-anpacken\/","title":{"rendered":"Fachkr\u00e4ftemangel?!? So k\u00f6nnen kleine Unternehmen das Problem anpacken"},"content":{"rendered":"<p><img loading=\"lazy\" decoding=\"async\" class=\"size-full wp-image-1016\" src=\"https:\/\/juergenkroder.com\/journalismus\/wp-content\/uploads\/2023\/04\/war-for-talents.jpg\" alt=\"(Bild: Freepik)\" width=\"900\" height=\"400\" \/><\/p>\n<p><strong>Wie sollten besonders StartUps und KMU dem Fachkr\u00e4ftemangel richtig begegnen? Die L\u00f6sung ist nicht einfach, aber machbar.<\/strong><\/p>\n<p><!--more--><\/p>\n<p>Warum gibt es eigentlich den Fachkr\u00e4ftemangel und den sogenannten <a href=\"https:\/\/startupwissen.biz\/war-for-talents\/\" target=\"_blank\" rel=\"noopener\">War for Talents<\/a>? Und mit welchen Ma\u00dfnahmen k\u00f6nnen Firmen trotzdem neue Mitarbeiter gewinnen?<\/p>\n<p>Die Antworten auf diese Fragen erh\u00e4ltst du in dieser Folge meines Podcasts:<\/p>\n<div class=\"jetpack-video-wrapper\"><span class=\"embed-youtube\" style=\"text-align:center; display: block;\"><iframe loading=\"lazy\" class=\"youtube-player\" width=\"700\" height=\"394\" src=\"https:\/\/www.youtube.com\/embed\/mxWj2iGRwOo?version=3&#038;rel=1&#038;showsearch=0&#038;showinfo=1&#038;iv_load_policy=1&#038;fs=1&#038;hl=de-DE&#038;autohide=2&#038;wmode=transparent\" allowfullscreen=\"true\" style=\"border:0;\" sandbox=\"allow-scripts allow-same-origin allow-popups allow-presentation allow-popups-to-escape-sandbox\"><\/iframe><\/span><\/div>\n<p>&nbsp;<\/p>\n","protected":false},"excerpt":{"rendered":"<p>Wie sollten besonders StartUps und KMU dem Fachkr\u00e4ftemangel richtig begegnen? Die L\u00f6sung ist nicht einfach, aber machbar.<\/p>\n","protected":false},"author":2,"featured_media":0,"comment_status":"open","ping_status":"open","sticky":false,"template":"","format":"standard","meta":{"_jetpack_memberships_contains_paid_content":false,"footnotes":"","_links_to":"","_links_to_target":""},"categories":[9,198],"tags":[122],"class_list":["post-3976","post","type-post","status-publish","format-standard","hentry","category-digitalisierung","category-management","tag-usp-marketing-podcast","no-thumbnail"],"yoast_head":"<!-- This site is optimized with the Yoast SEO plugin v27.5 - https:\/\/yoast.com\/product\/yoast-seo-wordpress\/ -->\n<title>Fachkr\u00e4ftemangel?!? So k\u00f6nnen kleine Unternehmen das Problem anpacken - [ J\u00dcRGEN KRODER ]<\/title>\n<meta name=\"description\" content=\"Wie sollten besonders StartUps und KMU dem Fachkr\u00e4ftemangel richtig begegnen? Die L\u00f6sung ist nicht einfach, aber machbar.\" \/>\n<meta name=\"robots\" content=\"index, follow, max-snippet:-1, max-image-preview:large, max-video-preview:-1\" \/>\n<link rel=\"canonical\" href=\"https:\/\/juergenkroder.com\/journalismus\/fachkraeftemangel-anpacken\/\" \/>\n<meta property=\"og:locale\" content=\"de_DE\" \/>\n<meta property=\"og:type\" content=\"article\" \/>\n<meta property=\"og:title\" content=\"Fachkr\u00e4ftemangel?!? So k\u00f6nnen kleine Unternehmen das Problem anpacken - [ J\u00dcRGEN KRODER ]\" \/>\n<meta property=\"og:description\" content=\"Wie sollten besonders StartUps und KMU dem Fachkr\u00e4ftemangel richtig begegnen? Die L\u00f6sung ist nicht einfach, aber machbar.\" \/>\n<meta property=\"og:url\" content=\"https:\/\/juergenkroder.com\/journalismus\/fachkraeftemangel-anpacken\/\" \/>\n<meta property=\"og:site_name\" content=\"[ J\u00dcRGEN KRODER ]\" \/>\n<meta property=\"article:published_time\" content=\"2023-04-26T06:50:29+00:00\" \/>\n<meta property=\"article:modified_time\" content=\"2023-04-26T06:57:34+00:00\" \/>\n<meta property=\"og:image\" content=\"https:\/\/juergenkroder.com\/journalismus\/wp-content\/uploads\/2023\/04\/war-for-talents.jpg\" \/>\n<meta name=\"author\" content=\"J\u00fcrgen Kroder\" \/>\n<meta name=\"twitter:card\" content=\"summary_large_image\" \/>\n<meta name=\"twitter:creator\" content=\"@juergenkroder\" \/>\n<meta name=\"twitter:label1\" content=\"Verfasst von\" \/>\n\t<meta name=\"twitter:data1\" content=\"J\u00fcrgen Kroder\" \/>\n\t<meta name=\"twitter:label2\" content=\"Gesch\u00e4tzte Lesezeit\" \/>\n\t<meta name=\"twitter:data2\" content=\"1\u00a0Minute\" \/>\n<script type=\"application\/ld+json\" class=\"yoast-schema-graph\">{\"@context\":\"https:\\\/\\\/schema.org\",\"@graph\":[{\"@type\":\"Article\",\"@id\":\"https:\\\/\\\/juergenkroder.com\\\/journalismus\\\/fachkraeftemangel-anpacken\\\/#article\",\"isPartOf\":{\"@id\":\"https:\\\/\\\/juergenkroder.com\\\/journalismus\\\/fachkraeftemangel-anpacken\\\/\"},\"author\":{\"name\":\"J\u00fcrgen Kroder\",\"@id\":\"https:\\\/\\\/juergenkroder.com\\\/journalismus\\\/#\\\/schema\\\/person\\\/28235210f16871bd79a64369c9141d5d\"},\"headline\":\"Fachkr\u00e4ftemangel?!? So k\u00f6nnen kleine Unternehmen das Problem anpacken\",\"datePublished\":\"2023-04-26T06:50:29+00:00\",\"dateModified\":\"2023-04-26T06:57:34+00:00\",\"mainEntityOfPage\":{\"@id\":\"https:\\\/\\\/juergenkroder.com\\\/journalismus\\\/fachkraeftemangel-anpacken\\\/\"},\"wordCount\":73,\"commentCount\":0,\"image\":{\"@id\":\"https:\\\/\\\/juergenkroder.com\\\/journalismus\\\/fachkraeftemangel-anpacken\\\/#primaryimage\"},\"thumbnailUrl\":\"https:\\\/\\\/juergenkroder.com\\\/journalismus\\\/wp-content\\\/uploads\\\/2023\\\/04\\\/war-for-talents.jpg\",\"keywords\":[\"USP Marketing Podcast \\\/ StartUpWissen Podcast\"],\"articleSection\":[\"Digitalisierung\",\"Management\"],\"inLanguage\":\"de\",\"potentialAction\":[{\"@type\":\"CommentAction\",\"name\":\"Comment\",\"target\":[\"https:\\\/\\\/juergenkroder.com\\\/journalismus\\\/fachkraeftemangel-anpacken\\\/#respond\"]}]},{\"@type\":\"WebPage\",\"@id\":\"https:\\\/\\\/juergenkroder.com\\\/journalismus\\\/fachkraeftemangel-anpacken\\\/\",\"url\":\"https:\\\/\\\/juergenkroder.com\\\/journalismus\\\/fachkraeftemangel-anpacken\\\/\",\"name\":\"Fachkr\u00e4ftemangel?!? So k\u00f6nnen kleine Unternehmen das Problem anpacken - [ J\u00dcRGEN KRODER ]\",\"isPartOf\":{\"@id\":\"https:\\\/\\\/juergenkroder.com\\\/journalismus\\\/#website\"},\"primaryImageOfPage\":{\"@id\":\"https:\\\/\\\/juergenkroder.com\\\/journalismus\\\/fachkraeftemangel-anpacken\\\/#primaryimage\"},\"image\":{\"@id\":\"https:\\\/\\\/juergenkroder.com\\\/journalismus\\\/fachkraeftemangel-anpacken\\\/#primaryimage\"},\"thumbnailUrl\":\"https:\\\/\\\/juergenkroder.com\\\/journalismus\\\/wp-content\\\/uploads\\\/2023\\\/04\\\/war-for-talents.jpg\",\"datePublished\":\"2023-04-26T06:50:29+00:00\",\"dateModified\":\"2023-04-26T06:57:34+00:00\",\"author\":{\"@id\":\"https:\\\/\\\/juergenkroder.com\\\/journalismus\\\/#\\\/schema\\\/person\\\/28235210f16871bd79a64369c9141d5d\"},\"description\":\"Wie sollten besonders StartUps und KMU dem Fachkr\u00e4ftemangel richtig begegnen? Die L\u00f6sung ist nicht einfach, aber machbar.\",\"breadcrumb\":{\"@id\":\"https:\\\/\\\/juergenkroder.com\\\/journalismus\\\/fachkraeftemangel-anpacken\\\/#breadcrumb\"},\"inLanguage\":\"de\",\"potentialAction\":[{\"@type\":\"ReadAction\",\"target\":[\"https:\\\/\\\/juergenkroder.com\\\/journalismus\\\/fachkraeftemangel-anpacken\\\/\"]}]},{\"@type\":\"ImageObject\",\"inLanguage\":\"de\",\"@id\":\"https:\\\/\\\/juergenkroder.com\\\/journalismus\\\/fachkraeftemangel-anpacken\\\/#primaryimage\",\"url\":\"https:\\\/\\\/juergenkroder.com\\\/journalismus\\\/wp-content\\\/uploads\\\/2023\\\/04\\\/war-for-talents.jpg\",\"contentUrl\":\"https:\\\/\\\/juergenkroder.com\\\/journalismus\\\/wp-content\\\/uploads\\\/2023\\\/04\\\/war-for-talents.jpg\",\"width\":900,\"height\":400,\"caption\":\"(Bild: Freepik)\"},{\"@type\":\"BreadcrumbList\",\"@id\":\"https:\\\/\\\/juergenkroder.com\\\/journalismus\\\/fachkraeftemangel-anpacken\\\/#breadcrumb\",\"itemListElement\":[{\"@type\":\"ListItem\",\"position\":1,\"name\":\"Startseite\",\"item\":\"https:\\\/\\\/juergenkroder.com\\\/journalismus\\\/\"},{\"@type\":\"ListItem\",\"position\":2,\"name\":\"Fachkr\u00e4ftemangel?!? So k\u00f6nnen kleine Unternehmen das Problem anpacken\"}]},{\"@type\":\"WebSite\",\"@id\":\"https:\\\/\\\/juergenkroder.com\\\/journalismus\\\/#website\",\"url\":\"https:\\\/\\\/juergenkroder.com\\\/journalismus\\\/\",\"name\":\"[ J\u00dcRGEN KRODER ]\",\"description\":\"Ihr Texter, Fachautor &amp; Journalist f\u00fcr Digitalisierung, IT, KI, Tech, Start-ups und Marketing\",\"potentialAction\":[{\"@type\":\"SearchAction\",\"target\":{\"@type\":\"EntryPoint\",\"urlTemplate\":\"https:\\\/\\\/juergenkroder.com\\\/journalismus\\\/?s={search_term_string}\"},\"query-input\":{\"@type\":\"PropertyValueSpecification\",\"valueRequired\":true,\"valueName\":\"search_term_string\"}}],\"inLanguage\":\"de\"},{\"@type\":\"Person\",\"@id\":\"https:\\\/\\\/juergenkroder.com\\\/journalismus\\\/#\\\/schema\\\/person\\\/28235210f16871bd79a64369c9141d5d\",\"name\":\"J\u00fcrgen Kroder\",\"description\":\"Ich liebe Digitalisierung, KI, StartUps und Marketing. Deswegen schreibe ich als freier Fachautor f\u00fcr bekannte Publikationen \u00fcber diese Themengebiete. Und ich unterst\u00fctze als Marketing-Berater StartUps und mittelst\u00e4ndische Unternehmen bei ihrer Marketing-Strategie. Zudem arbeite ich noch als KI- und ChatGPT-Coach, um Anf\u00e4ngern den Einstieg zu erleichtern.\",\"sameAs\":[\"http:\\\/\\\/juergenkroder.com\\\/\",\"https:\\\/\\\/www.linkedin.com\\\/in\\\/jrgen-kroder-48272a51\\\/\",\"https:\\\/\\\/x.com\\\/juergenkroder\"],\"url\":\"https:\\\/\\\/juergenkroder.com\\\/journalismus\\\/author\\\/juergen\\\/\"}]}<\/script>\n<!-- \/ Yoast SEO plugin. -->","yoast_head_json":{"title":"Fachkr\u00e4ftemangel?!? So k\u00f6nnen kleine Unternehmen das Problem anpacken - [ J\u00dcRGEN KRODER ]","description":"Wie sollten besonders StartUps und KMU dem Fachkr\u00e4ftemangel richtig begegnen? Die L\u00f6sung ist nicht einfach, aber machbar.","robots":{"index":"index","follow":"follow","max-snippet":"max-snippet:-1","max-image-preview":"max-image-preview:large","max-video-preview":"max-video-preview:-1"},"canonical":"https:\/\/juergenkroder.com\/journalismus\/fachkraeftemangel-anpacken\/","og_locale":"de_DE","og_type":"article","og_title":"Fachkr\u00e4ftemangel?!? So k\u00f6nnen kleine Unternehmen das Problem anpacken - [ J\u00dcRGEN KRODER ]","og_description":"Wie sollten besonders StartUps und KMU dem Fachkr\u00e4ftemangel richtig begegnen? Die L\u00f6sung ist nicht einfach, aber machbar.","og_url":"https:\/\/juergenkroder.com\/journalismus\/fachkraeftemangel-anpacken\/","og_site_name":"[ J\u00dcRGEN KRODER ]","article_published_time":"2023-04-26T06:50:29+00:00","article_modified_time":"2023-04-26T06:57:34+00:00","og_image":[{"url":"https:\/\/juergenkroder.com\/journalismus\/wp-content\/uploads\/2023\/04\/war-for-talents.jpg","type":"","width":"","height":""}],"author":"J\u00fcrgen Kroder","twitter_card":"summary_large_image","twitter_creator":"@juergenkroder","twitter_misc":{"Verfasst von":"J\u00fcrgen Kroder","Gesch\u00e4tzte Lesezeit":"1\u00a0Minute"},"schema":{"@context":"https:\/\/schema.org","@graph":[{"@type":"Article","@id":"https:\/\/juergenkroder.com\/journalismus\/fachkraeftemangel-anpacken\/#article","isPartOf":{"@id":"https:\/\/juergenkroder.com\/journalismus\/fachkraeftemangel-anpacken\/"},"author":{"name":"J\u00fcrgen Kroder","@id":"https:\/\/juergenkroder.com\/journalismus\/#\/schema\/person\/28235210f16871bd79a64369c9141d5d"},"headline":"Fachkr\u00e4ftemangel?!? So k\u00f6nnen kleine Unternehmen das Problem anpacken","datePublished":"2023-04-26T06:50:29+00:00","dateModified":"2023-04-26T06:57:34+00:00","mainEntityOfPage":{"@id":"https:\/\/juergenkroder.com\/journalismus\/fachkraeftemangel-anpacken\/"},"wordCount":73,"commentCount":0,"image":{"@id":"https:\/\/juergenkroder.com\/journalismus\/fachkraeftemangel-anpacken\/#primaryimage"},"thumbnailUrl":"https:\/\/juergenkroder.com\/journalismus\/wp-content\/uploads\/2023\/04\/war-for-talents.jpg","keywords":["USP Marketing Podcast \/ StartUpWissen Podcast"],"articleSection":["Digitalisierung","Management"],"inLanguage":"de","potentialAction":[{"@type":"CommentAction","name":"Comment","target":["https:\/\/juergenkroder.com\/journalismus\/fachkraeftemangel-anpacken\/#respond"]}]},{"@type":"WebPage","@id":"https:\/\/juergenkroder.com\/journalismus\/fachkraeftemangel-anpacken\/","url":"https:\/\/juergenkroder.com\/journalismus\/fachkraeftemangel-anpacken\/","name":"Fachkr\u00e4ftemangel?!? So k\u00f6nnen kleine Unternehmen das Problem anpacken - [ J\u00dcRGEN KRODER ]","isPartOf":{"@id":"https:\/\/juergenkroder.com\/journalismus\/#website"},"primaryImageOfPage":{"@id":"https:\/\/juergenkroder.com\/journalismus\/fachkraeftemangel-anpacken\/#primaryimage"},"image":{"@id":"https:\/\/juergenkroder.com\/journalismus\/fachkraeftemangel-anpacken\/#primaryimage"},"thumbnailUrl":"https:\/\/juergenkroder.com\/journalismus\/wp-content\/uploads\/2023\/04\/war-for-talents.jpg","datePublished":"2023-04-26T06:50:29+00:00","dateModified":"2023-04-26T06:57:34+00:00","author":{"@id":"https:\/\/juergenkroder.com\/journalismus\/#\/schema\/person\/28235210f16871bd79a64369c9141d5d"},"description":"Wie sollten besonders StartUps und KMU dem Fachkr\u00e4ftemangel richtig begegnen? Die L\u00f6sung ist nicht einfach, aber machbar.","breadcrumb":{"@id":"https:\/\/juergenkroder.com\/journalismus\/fachkraeftemangel-anpacken\/#breadcrumb"},"inLanguage":"de","potentialAction":[{"@type":"ReadAction","target":["https:\/\/juergenkroder.com\/journalismus\/fachkraeftemangel-anpacken\/"]}]},{"@type":"ImageObject","inLanguage":"de","@id":"https:\/\/juergenkroder.com\/journalismus\/fachkraeftemangel-anpacken\/#primaryimage","url":"https:\/\/juergenkroder.com\/journalismus\/wp-content\/uploads\/2023\/04\/war-for-talents.jpg","contentUrl":"https:\/\/juergenkroder.com\/journalismus\/wp-content\/uploads\/2023\/04\/war-for-talents.jpg","width":900,"height":400,"caption":"(Bild: Freepik)"},{"@type":"BreadcrumbList","@id":"https:\/\/juergenkroder.com\/journalismus\/fachkraeftemangel-anpacken\/#breadcrumb","itemListElement":[{"@type":"ListItem","position":1,"name":"Startseite","item":"https:\/\/juergenkroder.com\/journalismus\/"},{"@type":"ListItem","position":2,"name":"Fachkr\u00e4ftemangel?!? So k\u00f6nnen kleine Unternehmen das Problem anpacken"}]},{"@type":"WebSite","@id":"https:\/\/juergenkroder.com\/journalismus\/#website","url":"https:\/\/juergenkroder.com\/journalismus\/","name":"[ J\u00dcRGEN KRODER ]","description":"Ihr Texter, Fachautor &amp; Journalist f\u00fcr Digitalisierung, IT, KI, Tech, Start-ups und Marketing","potentialAction":[{"@type":"SearchAction","target":{"@type":"EntryPoint","urlTemplate":"https:\/\/juergenkroder.com\/journalismus\/?s={search_term_string}"},"query-input":{"@type":"PropertyValueSpecification","valueRequired":true,"valueName":"search_term_string"}}],"inLanguage":"de"},{"@type":"Person","@id":"https:\/\/juergenkroder.com\/journalismus\/#\/schema\/person\/28235210f16871bd79a64369c9141d5d","name":"J\u00fcrgen Kroder","description":"Ich liebe Digitalisierung, KI, StartUps und Marketing. Deswegen schreibe ich als freier Fachautor f\u00fcr bekannte Publikationen \u00fcber diese Themengebiete. Und ich unterst\u00fctze als Marketing-Berater StartUps und mittelst\u00e4ndische Unternehmen bei ihrer Marketing-Strategie. Zudem arbeite ich noch als KI- und ChatGPT-Coach, um Anf\u00e4ngern den Einstieg zu erleichtern.","sameAs":["http:\/\/juergenkroder.com\/","https:\/\/www.linkedin.com\/in\/jrgen-kroder-48272a51\/","https:\/\/x.com\/juergenkroder"],"url":"https:\/\/juergenkroder.com\/journalismus\/author\/juergen\/"}]}},"jetpack_featured_media_url":"","jetpack_shortlink":"https:\/\/wp.me\/pcqtTx-128","jetpack-related-posts":[{"id":812,"url":"https:\/\/juergenkroder.com\/journalismus\/marketing-zentrum-firmenstrategie\/","url_meta":{"origin":3976,"position":0},"title":"Deshalb geh\u00f6rt das Marketing ins Zentrum einer Firmenstrategie","author":"J\u00fcrgen Kroder","date":"15. April 2026","format":false,"excerpt":"Die Zeiten des Silo-Denkens sind vorbei! Unternehmen sollten das Marketing in den Mittelpunkt ihrer Gesch\u00e4ftst\u00e4tigkeiten stellen. Silo-Denken in Unternehmen - das grundlegende Problem Entwicklung. Vertrieb. Kundendienst. Human Resources. Finance. Marketing. IT. Gesch\u00e4ftsf\u00fchrung.\u00a0 Diese Abteilungen besitzen die meisten Unternehmen. In StartUps, Agenturen oder Kleinbetrieben sind mehrere Fachbereiche in einer Person zusammengefasst.\u2026","rel":"","context":"In &quot;Marketing&quot;","block_context":{"text":"Marketing","link":"https:\/\/juergenkroder.com\/journalismus\/category\/marketing\/"},"img":{"alt_text":"Zentrale Marketing Strategie (Bild: Shutterstock)","src":"https:\/\/i0.wp.com\/juergenkroder.com\/journalismus\/wp-content\/uploads\/2020\/03\/zentrale-marketing-strategi.jpg?resize=350%2C200&ssl=1","width":350,"height":200,"srcset":"https:\/\/i0.wp.com\/juergenkroder.com\/journalismus\/wp-content\/uploads\/2020\/03\/zentrale-marketing-strategi.jpg?resize=350%2C200&ssl=1 1x, https:\/\/i0.wp.com\/juergenkroder.com\/journalismus\/wp-content\/uploads\/2020\/03\/zentrale-marketing-strategi.jpg?resize=525%2C300&ssl=1 1.5x, https:\/\/i0.wp.com\/juergenkroder.com\/journalismus\/wp-content\/uploads\/2020\/03\/zentrale-marketing-strategi.jpg?resize=700%2C400&ssl=1 2x"},"classes":[]},{"id":1057,"url":"https:\/\/juergenkroder.com\/journalismus\/usp-marketing-podcast-folge-01-virtual-reality-startup-flyingshapes\/","url_meta":{"origin":3976,"position":1},"title":"Wie vermarktet man ein Virtual-Reality-StartUp?","author":"J\u00fcrgen Kroder","date":"11. Mai 2020","format":false,"excerpt":"In der ersten Folge des USP Marketing Podcast erkl\u00e4rt der Gr\u00fcnder eines VR-StartUps, wie er unter anderem die Automobilbranche aufmischen will. Was ist der USP Marketing Podcast? Wie kommen Selbstst\u00e4ndige, Start-ups, Mittelst\u00e4ndler und gro\u00dfe Unternehmen zu ihrem Alleinstellungsmerkmal? Wie haben sie ihren USP, den Unique Selling Point, gefunden? Haben sie\u2026","rel":"","context":"In &quot;Marketing&quot;","block_context":{"text":"Marketing","link":"https:\/\/juergenkroder.com\/journalismus\/category\/marketing\/"},"img":{"alt_text":"","src":"https:\/\/i0.wp.com\/juergenkroder.com\/journalismus\/wp-content\/uploads\/2020\/05\/usp-podcast-teaser-blog-01x-1.jpg?resize=350%2C200&ssl=1","width":350,"height":200,"srcset":"https:\/\/i0.wp.com\/juergenkroder.com\/journalismus\/wp-content\/uploads\/2020\/05\/usp-podcast-teaser-blog-01x-1.jpg?resize=350%2C200&ssl=1 1x, https:\/\/i0.wp.com\/juergenkroder.com\/journalismus\/wp-content\/uploads\/2020\/05\/usp-podcast-teaser-blog-01x-1.jpg?resize=525%2C300&ssl=1 1.5x, https:\/\/i0.wp.com\/juergenkroder.com\/journalismus\/wp-content\/uploads\/2020\/05\/usp-podcast-teaser-blog-01x-1.jpg?resize=700%2C400&ssl=1 2x"},"classes":[]},{"id":2636,"url":"https:\/\/juergenkroder.com\/journalismus\/freelancer-stress-podcast\/","url_meta":{"origin":3976,"position":2},"title":"Was hilft gegen Stress im Freelancer-Dasein?","author":"J\u00fcrgen Kroder","date":"27. September 2021","format":false,"excerpt":"In dieser Podcast-Folge geht es um ein Thema, \u00fcber das Freelancer und Unternehmenslenker ungern reden: Stress Jeder Freelancer erlebt stressige Zeiten Sie sind fast ein Tabu-Thema: Belastungen, die immer wieder auftauchen und krank machen k\u00f6nnen. Die Rede ist hier vom Distress, der negativen Form des Stress\u2019. Wer als Freelancer arbeitet,\u2026","rel":"","context":"In &quot;Innovationen&quot;","block_context":{"text":"Innovationen","link":"https:\/\/juergenkroder.com\/journalismus\/category\/innovationen\/"},"img":{"alt_text":"","src":"https:\/\/i0.wp.com\/juergenkroder.com\/journalismus\/wp-content\/uploads\/2021\/09\/podcast-teaser-stress-jpg.jpg?resize=350%2C200&ssl=1","width":350,"height":200,"srcset":"https:\/\/i0.wp.com\/juergenkroder.com\/journalismus\/wp-content\/uploads\/2021\/09\/podcast-teaser-stress-jpg.jpg?resize=350%2C200&ssl=1 1x, https:\/\/i0.wp.com\/juergenkroder.com\/journalismus\/wp-content\/uploads\/2021\/09\/podcast-teaser-stress-jpg.jpg?resize=525%2C300&ssl=1 1.5x, https:\/\/i0.wp.com\/juergenkroder.com\/journalismus\/wp-content\/uploads\/2021\/09\/podcast-teaser-stress-jpg.jpg?resize=700%2C400&ssl=1 2x"},"classes":[]},{"id":1981,"url":"https:\/\/juergenkroder.com\/journalismus\/entwicklung-eines-geschaeftsmodells-wie-finden-startups-eine-lukrative-nische\/","url_meta":{"origin":3976,"position":3},"title":"Entwicklung eines Gesch\u00e4ftsmodells: Wie finden StartUps eine Nische?","author":"J\u00fcrgen Kroder","date":"28. November 2020","format":false,"excerpt":"Viele erfolgreiche Neugr\u00fcndungen zeigen: Es gibt gen\u00fcgend Marktl\u00fccken, in die StartUps vordringen k\u00f6nnen. Wie geht das? Im Podcast kriegst du die Antwort. Von der Idee zum erfolgreichen Produkt Heutzutage sind viele M\u00e4rkte scheinbar ges\u00e4ttigt. Zahlreiche Anbieter buhlen mit unz\u00e4hligen Produkten um die Gunst der Kunden. Trotzdem gelingt es Selbstst\u00e4ndigen und\u2026","rel":"","context":"In &quot;Innovationen&quot;","block_context":{"text":"Innovationen","link":"https:\/\/juergenkroder.com\/journalismus\/category\/innovationen\/"},"img":{"alt_text":"","src":"https:\/\/i0.wp.com\/juergenkroder.com\/journalismus\/wp-content\/uploads\/2020\/11\/usp-podcast-blog-folge-21.jpg?resize=350%2C200&ssl=1","width":350,"height":200,"srcset":"https:\/\/i0.wp.com\/juergenkroder.com\/journalismus\/wp-content\/uploads\/2020\/11\/usp-podcast-blog-folge-21.jpg?resize=350%2C200&ssl=1 1x, https:\/\/i0.wp.com\/juergenkroder.com\/journalismus\/wp-content\/uploads\/2020\/11\/usp-podcast-blog-folge-21.jpg?resize=525%2C300&ssl=1 1.5x, https:\/\/i0.wp.com\/juergenkroder.com\/journalismus\/wp-content\/uploads\/2020\/11\/usp-podcast-blog-folge-21.jpg?resize=700%2C400&ssl=1 2x"},"classes":[]},{"id":2488,"url":"https:\/\/juergenkroder.com\/journalismus\/warum-sollte-man-regelmaessig-seinen-job-wechseln\/","url_meta":{"origin":3976,"position":4},"title":"Warum sollte man regelm\u00e4\u00dfig seinen Job wechseln?","author":"J\u00fcrgen Kroder","date":"11. Juli 2021","format":false,"excerpt":"Und: Wie k\u00f6nnen Arbeitnehmer ganz einfach und digital ihren Job mit anderen tauschen? Die Antworten gibt\u2019s in dieser Podcast-Folge. Stau, Stau, Stau: Die 'guten, alten Zeiten' sind zur\u00fcck Die Corona-Krise scheint sich dem Ende zu n\u00e4hern, Home Office wird deshalb seltener. Millionen Arbeitnehmer pendeln wie fr\u00fcher ins B\u00fcro und abends\u2026","rel":"","context":"In &quot;Marketing&quot;","block_context":{"text":"Marketing","link":"https:\/\/juergenkroder.com\/journalismus\/category\/marketing\/"},"img":{"alt_text":"","src":"https:\/\/i0.wp.com\/juergenkroder.com\/journalismus\/wp-content\/uploads\/2021\/07\/usp-podcast-blog-34.jpg?resize=350%2C200&ssl=1","width":350,"height":200,"srcset":"https:\/\/i0.wp.com\/juergenkroder.com\/journalismus\/wp-content\/uploads\/2021\/07\/usp-podcast-blog-34.jpg?resize=350%2C200&ssl=1 1x, https:\/\/i0.wp.com\/juergenkroder.com\/journalismus\/wp-content\/uploads\/2021\/07\/usp-podcast-blog-34.jpg?resize=525%2C300&ssl=1 1.5x, https:\/\/i0.wp.com\/juergenkroder.com\/journalismus\/wp-content\/uploads\/2021\/07\/usp-podcast-blog-34.jpg?resize=700%2C400&ssl=1 2x"},"classes":[]},{"id":1382,"url":"https:\/\/juergenkroder.com\/journalismus\/tool-tipp-einfacher-podcasten-mit-podigee\/","url_meta":{"origin":3976,"position":5},"title":"Tooltipp: Einfacher podcasten mit Podigee","author":"J\u00fcrgen Kroder","date":"11. September 2020","format":false,"excerpt":"Dieser Podcast-Hoster nimmt euch mit einem \u201cKillerfeature\u201d viel Zeit und Arbeit bei der Audio-Postproduction ab. Podcasten = viel Technikkram Als ich Mitte Mai 2020 begann meinen ersten eigenen Podcast umzusetzen (den USP Marketing Podcast), hatte ich fast keine Ahnung von der Materie. Bis dahin war ich nur Konsument, kein Produzent.\u2026","rel":"","context":"In &quot;Tools&quot;","block_context":{"text":"Tools","link":"https:\/\/juergenkroder.com\/journalismus\/category\/tools\/"},"img":{"alt_text":"Podcast-Tool Podigee (Bild: Pixabay)","src":"https:\/\/i0.wp.com\/juergenkroder.com\/journalismus\/wp-content\/uploads\/2020\/07\/podcast-podigee.jpg?resize=350%2C200&ssl=1","width":350,"height":200,"srcset":"https:\/\/i0.wp.com\/juergenkroder.com\/journalismus\/wp-content\/uploads\/2020\/07\/podcast-podigee.jpg?resize=350%2C200&ssl=1 1x, https:\/\/i0.wp.com\/juergenkroder.com\/journalismus\/wp-content\/uploads\/2020\/07\/podcast-podigee.jpg?resize=525%2C300&ssl=1 1.5x, https:\/\/i0.wp.com\/juergenkroder.com\/journalismus\/wp-content\/uploads\/2020\/07\/podcast-podigee.jpg?resize=700%2C400&ssl=1 2x"},"classes":[]}],"jetpack_sharing_enabled":true,"_links":{"self":[{"href":"https:\/\/juergenkroder.com\/journalismus\/wp-json\/wp\/v2\/posts\/3976","targetHints":{"allow":["GET"]}}],"collection":[{"href":"https:\/\/juergenkroder.com\/journalismus\/wp-json\/wp\/v2\/posts"}],"about":[{"href":"https:\/\/juergenkroder.com\/journalismus\/wp-json\/wp\/v2\/types\/post"}],"author":[{"embeddable":true,"href":"https:\/\/juergenkroder.com\/journalismus\/wp-json\/wp\/v2\/users\/2"}],"replies":[{"embeddable":true,"href":"https:\/\/juergenkroder.com\/journalismus\/wp-json\/wp\/v2\/comments?post=3976"}],"version-history":[{"count":2,"href":"https:\/\/juergenkroder.com\/journalismus\/wp-json\/wp\/v2\/posts\/3976\/revisions"}],"predecessor-version":[{"id":3979,"href":"https:\/\/juergenkroder.com\/journalismus\/wp-json\/wp\/v2\/posts\/3976\/revisions\/3979"}],"wp:attachment":[{"href":"https:\/\/juergenkroder.com\/journalismus\/wp-json\/wp\/v2\/media?parent=3976"}],"wp:term":[{"taxonomy":"category","embeddable":true,"href":"https:\/\/juergenkroder.com\/journalismus\/wp-json\/wp\/v2\/categories?post=3976"},{"taxonomy":"post_tag","embeddable":true,"href":"https:\/\/juergenkroder.com\/journalismus\/wp-json\/wp\/v2\/tags?post=3976"}],"curies":[{"name":"wp","href":"https:\/\/api.w.org\/{rel}","templated":true}]}}